{"id":35613,"date":"2023-10-23T01:38:33","date_gmt":"2023-10-23T01:38:33","guid":{"rendered":"http:\/\/lahora.mx\/?p=35613"},"modified":"2023-10-23T01:38:34","modified_gmt":"2023-10-23T01:38:34","slug":"bloquean-carreteras-y-comandancia-en-izucar-reclaman-detenciones","status":"publish","type":"post","link":"https:\/\/lahora.mx\/index.php\/2023\/10\/23\/bloquean-carreteras-y-comandancia-en-izucar-reclaman-detenciones\/","title":{"rendered":"Bloquean carreteras y comandancia en Iz\u00facar, reclaman detenciones"},"content":{"rendered":"\n<p>Este domingo 22 de octubre ha sido de intenso movimiento en el primer cuadro de Iz\u00facar de Matamoros tras una serie de manifestaciones pac\u00edficas frente a la comandancia de la entidad, en donde particip\u00f3 la Organizaci\u00f3n \u00abResistencia Civil de Atlixco\u00bb y ciudadanos de la entidad.<\/p>\n\n\n\n<p>Esta concentraci\u00f3n se llev\u00f3 a cabo debido a las detenciones de integrantes del Grupo de Fuerza Territorial, que se efectuaron la noche del 21 de octubre, previo a un zafarrancho con la Polic\u00eda Municipal.<\/p>\n\n\n\n<p>El conflicto presuntamente se origin\u00f3 por golpes hacia elementos de vialidad municipal de Iz\u00facar, aunque fuentes externas refieren a que el Grupo de Fuerza Territorial apoy\u00f3 a un ciudadano que presenci\u00f3 y evidenci\u00f3 retenes ilegales por parte de trabajadores de vialidad y los cuales presuntamente golpearon al civil con una macana.<\/p>\n\n\n\n<p>Bloquean carreteras y comandancia en Iz\u00facar, reclaman detenciones<br>Por ello, decenas de ciudadanos y familiares de los detenidos se convocaron a la comandancia de Iz\u00facar de Matamoros, la cual se encuentra a un costado del ex Palacio Municipal.<\/p>\n\n\n\n<p>Sin embargo, dicha manifestaci\u00f3n se torn\u00f3 en un ambiente violento, ya que polic\u00eda municipal y estatal comenz\u00f3 a empujar y jalonear a los participantes de la concentraci\u00f3n, quienes quer\u00edan evitar que trasladaran a los detenidos al Ministerio P\u00fablico, puesto que consideraban que su caso era injustificado y hab\u00edan violentado sus derechos humanos.<\/p>\n\n\n\n<p>Cabe mencionar que familiares de los detenidos dieron a conocer en redes sociales que en ning\u00fan momento se les inform\u00f3 del estado de los mismos y que incluso algunos de ellos hab\u00edan sido golpeados, teniendo que ser trasladados al Hospital General de Iz\u00facar.<\/p>\n\n\n\n<p>Ayuntamiento izucarense conden\u00f3 agresi\u00f3n a sus elementos<br>Durante el d\u00eda domingo 22 de octubre, el ayuntamiento de Iz\u00facar de Matamoros emiti\u00f3 un comunicado: \u201cCondenamos en\u00e9rgicamente la agresi\u00f3n a dos elementos de Vialidad Municipal, una de ellas embarazada, cuando realizaban operativo como parte de prevenci\u00f3n del delito y fortalecer la seguridad p\u00fablica.\u201d<\/p>\n\n\n\n<p>Bloquean carreteras y comandancia en Iz\u00facar, reclaman detenciones<br>El incidente ocurri\u00f3 en la esquina de la calle Guerrero y Morelos, donde un sujeto, bajo efectos de bebidas alcoh\u00f3licas, asegur\u00f3 ser integrante de FTP y procedi\u00f3 con la agresi\u00f3n.<\/p>\n\n\n\n<p>\u201cContamos con pruebas de la agresi\u00f3n y el gobierno municipal (de Iz\u00facar de Matamoros) colaborar\u00e1 con las investigaciones para hacer cumplir la ley y prevenir este tipo de actos\u201d. (CR)<\/p>\n","protected":false},"excerpt":{"rendered":"<p>Este domingo 22 de octubre ha sido de intenso movimiento en el primer cuadro de Iz\u00facar de Matamoros tras una serie de manifestaciones pac\u00edficas frente a la comandancia de la entidad, en donde particip\u00f3 la Organizaci\u00f3n \u00abResistencia Civil de Atlixco\u00bb y ciudadanos de la entidad. Esta concentraci\u00f3n se llev\u00f3 a cabo debido a las detenciones [&hellip;]<\/p>\n","protected":false},"author":4,"featured_media":35614,"comment_status":"open","ping_status":"open","sticky":false,"template":"","format":"standard","meta":{"om_disable_all_campaigns":false,"_monsterinsights_skip_tracking":false,"_monsterinsights_sitenote_active":false,"_monsterinsights_sitenote_note":"","_monsterinsights_sitenote_category":0,"footnotes":""},"categories":[175,226],"tags":[223],"class_list":["post-35613","post","type-post","status-publish","format-standard","has-post-thumbnail","hentry","category-local","category-policia","tag-puebla"],"amp_enabled":true,"_links":{"self":[{"href":"https:\/\/lahora.mx\/index.php\/wp-json\/wp\/v2\/posts\/35613","targetHints":{"allow":["GET"]}}],"collection":[{"href":"https:\/\/lahora.mx\/index.php\/wp-json\/wp\/v2\/posts"}],"about":[{"href":"https:\/\/lahora.mx\/index.php\/wp-json\/wp\/v2\/types\/post"}],"author":[{"embeddable":true,"href":"https:\/\/lahora.mx\/index.php\/wp-json\/wp\/v2\/users\/4"}],"replies":[{"embeddable":true,"href":"https:\/\/lahora.mx\/index.php\/wp-json\/wp\/v2\/comments?post=35613"}],"version-history":[{"count":1,"href":"https:\/\/lahora.mx\/index.php\/wp-json\/wp\/v2\/posts\/35613\/revisions"}],"predecessor-version":[{"id":35615,"href":"https:\/\/lahora.mx\/index.php\/wp-json\/wp\/v2\/posts\/35613\/revisions\/35615"}],"wp:featuredmedia":[{"embeddable":true,"href":"https:\/\/lahora.mx\/index.php\/wp-json\/wp\/v2\/media\/35614"}],"wp:attachment":[{"href":"https:\/\/lahora.mx\/index.php\/wp-json\/wp\/v2\/media?parent=35613"}],"wp:term":[{"taxonomy":"category","embeddable":true,"href":"https:\/\/lahora.mx\/index.php\/wp-json\/wp\/v2\/categories?post=35613"},{"taxonomy":"post_tag","embeddable":true,"href":"https:\/\/lahora.mx\/index.php\/wp-json\/wp\/v2\/tags?post=35613"}],"curies":[{"name":"wp","href":"https:\/\/api.w.org\/{rel}","templated":true}]}}