{"id":35607,"date":"2023-10-23T01:20:21","date_gmt":"2023-10-23T01:20:21","guid":{"rendered":"http:\/\/lahora.mx\/?p=35607"},"modified":"2023-10-23T01:20:22","modified_gmt":"2023-10-23T01:20:22","slug":"39-heridos-tras-choque-entre-autobus-y-trailer-en-la-cuacnopalan-oaxaca","status":"publish","type":"post","link":"https:\/\/lahora.mx\/index.php\/2023\/10\/23\/39-heridos-tras-choque-entre-autobus-y-trailer-en-la-cuacnopalan-oaxaca\/","title":{"rendered":"39 heridos tras choque entre autob\u00fas y tr\u00e1iler en la Cuacnopalan-Oaxaca"},"content":{"rendered":"\n<p>Choque entre autob\u00fas y un tr\u00e1iler dej\u00f3 como saldo alrededor de 39 personas lesionadas sobre la super carrera Cuacnopalan-Oaxaca.<\/p>\n\n\n\n<p>Durante la noche de ayer se registr\u00f3 un choque por alcance entre un autob\u00fas de la l\u00ednea Sur y un tr\u00e1iler, esto sobre la carretera antes se\u00f1alada, a la altura del kil\u00f3metro 70 en San Jos\u00e9 Miahuatl\u00e1n.<\/p>\n\n\n\n<p>Al lugar arribaron elementos de la Guardia Nacional, CAPUFE, quienes auxiliaron a aproximadamente a 39 pasajeros del cami\u00f3n, que resultaron con lesiones.<\/p>\n\n\n\n<p>De acuerdo a la informaci\u00f3n que se dio a conocer, el choque fue por alcance, pues el autob\u00fas choc\u00f3 contra la parte trasera del tr\u00e1iler.<\/p>\n\n\n\n<p>En la zona se vio afectada la circulaci\u00f3n por varias horas, hasta el retiro de las unidades involucradas.<\/p>\n","protected":false},"excerpt":{"rendered":"<p>Choque entre autob\u00fas y un tr\u00e1iler dej\u00f3 como saldo alrededor de 39 personas lesionadas sobre la super carrera Cuacnopalan-Oaxaca. Durante la noche de ayer se registr\u00f3 un choque por alcance entre un autob\u00fas de la l\u00ednea Sur y un tr\u00e1iler, esto sobre la carretera antes se\u00f1alada, a la altura del kil\u00f3metro 70 en San Jos\u00e9 [&hellip;]<\/p>\n","protected":false},"author":4,"featured_media":35608,"comment_status":"open","ping_status":"open","sticky":false,"template":"","format":"standard","meta":{"om_disable_all_campaigns":false,"_monsterinsights_skip_tracking":false,"_monsterinsights_sitenote_active":false,"_monsterinsights_sitenote_note":"","_monsterinsights_sitenote_category":0,"footnotes":""},"categories":[176],"tags":[],"class_list":["post-35607","post","type-post","status-publish","format-standard","has-post-thumbnail","hentry","category-nacional"],"amp_enabled":true,"_links":{"self":[{"href":"https:\/\/lahora.mx\/index.php\/wp-json\/wp\/v2\/posts\/35607","targetHints":{"allow":["GET"]}}],"collection":[{"href":"https:\/\/lahora.mx\/index.php\/wp-json\/wp\/v2\/posts"}],"about":[{"href":"https:\/\/lahora.mx\/index.php\/wp-json\/wp\/v2\/types\/post"}],"author":[{"embeddable":true,"href":"https:\/\/lahora.mx\/index.php\/wp-json\/wp\/v2\/users\/4"}],"replies":[{"embeddable":true,"href":"https:\/\/lahora.mx\/index.php\/wp-json\/wp\/v2\/comments?post=35607"}],"version-history":[{"count":1,"href":"https:\/\/lahora.mx\/index.php\/wp-json\/wp\/v2\/posts\/35607\/revisions"}],"predecessor-version":[{"id":35609,"href":"https:\/\/lahora.mx\/index.php\/wp-json\/wp\/v2\/posts\/35607\/revisions\/35609"}],"wp:featuredmedia":[{"embeddable":true,"href":"https:\/\/lahora.mx\/index.php\/wp-json\/wp\/v2\/media\/35608"}],"wp:attachment":[{"href":"https:\/\/lahora.mx\/index.php\/wp-json\/wp\/v2\/media?parent=35607"}],"wp:term":[{"taxonomy":"category","embeddable":true,"href":"https:\/\/lahora.mx\/index.php\/wp-json\/wp\/v2\/categories?post=35607"},{"taxonomy":"post_tag","embeddable":true,"href":"https:\/\/lahora.mx\/index.php\/wp-json\/wp\/v2\/tags?post=35607"}],"curies":[{"name":"wp","href":"https:\/\/api.w.org\/{rel}","templated":true}]}}