{"id":35541,"date":"2023-10-20T16:51:31","date_gmt":"2023-10-20T16:51:31","guid":{"rendered":"http:\/\/lahora.mx\/?p=35541"},"modified":"2023-10-20T16:51:31","modified_gmt":"2023-10-20T16:51:31","slug":"fallece-carlos-romero-deschamps-exdirigente-del-sindicato-petrolero","status":"publish","type":"post","link":"https:\/\/lahora.mx\/index.php\/2023\/10\/20\/fallece-carlos-romero-deschamps-exdirigente-del-sindicato-petrolero\/","title":{"rendered":"Fallece Carlos Romero Deschamps, exdirigente del sindicato petrolero"},"content":{"rendered":"\n<p>La tarde de este jueves falleci\u00f3 el exsecretario general del Sindicato de Trabajadores Petroleros de la Rep\u00fablica Mexicana, Carlos Romero Deschamps, a los 79 a\u00f1os de edad.<\/p>\n\n\n\n<p>De acuerdo con fuentes sindicales, el deceso ocurri\u00f3 en su domicilio ubicado en el Valle de M\u00e9xico, presuntamente a causa de un infarto al miocardio.<\/p>\n\n\n\n<p>Las fuentes consultadas informaron que la muerte de Romero Deschamps fue sorpresiva, pues no se conoc\u00eda que el exdirigente petrolero padeciera alguna afecci\u00f3n card\u00edaca o alg\u00fan problema grave de salud.<\/p>\n\n\n\n<p>Carlos Romero Deschamps naci\u00f3 en Tampico, Tamaulipas, el 17 de enero de 1944; fue l\u00edder del sindicato petrolero durante 26 a\u00f1os, de 1993 a 2019, adem\u00e1s de que fungi\u00f3 en dos ocasiones como senador de la Rep\u00fablica y tres como diputado federal.<\/p>\n\n\n\n<p>Durante su carrera como dirigente sindical se vio envuelto en varios esc\u00e1ndalos, el m\u00e1s so\u00f1ado de todos fue el llamado \u201cPemexgate\u201d, en el a\u00f1o 2000, cuando el entonces Instituto Federal Electoral denunci\u00f3 el desv\u00edo de mil 500 millones de pesos de Petr\u00f3leos Mexicanos (Pemex) a la campa\u00f1a del candidato presidencial del PRI, Francisco Labastida Ochoa.<\/p>\n\n\n\n<p>Por ello, fue acusado de peculado electoral, delito que no le fue comprobado y del que se libr\u00f3 en 2011, cuando un juez federal cerr\u00f3 el expediente del caso y declar\u00f3 prescrito el Pemexgate por falta de pruebas.<\/p>\n","protected":false},"excerpt":{"rendered":"<p>La tarde de este jueves falleci\u00f3 el exsecretario general del Sindicato de Trabajadores Petroleros de la Rep\u00fablica Mexicana, Carlos Romero Deschamps, a los 79 a\u00f1os de edad. De acuerdo con fuentes sindicales, el deceso ocurri\u00f3 en su domicilio ubicado en el Valle de M\u00e9xico, presuntamente a causa de un infarto al miocardio. Las fuentes consultadas [&hellip;]<\/p>\n","protected":false},"author":4,"featured_media":35542,"comment_status":"open","ping_status":"open","sticky":false,"template":"","format":"standard","meta":{"om_disable_all_campaigns":false,"_monsterinsights_skip_tracking":false,"_monsterinsights_sitenote_active":false,"_monsterinsights_sitenote_note":"","_monsterinsights_sitenote_category":0,"footnotes":""},"categories":[176],"tags":[],"class_list":["post-35541","post","type-post","status-publish","format-standard","has-post-thumbnail","hentry","category-nacional"],"amp_enabled":true,"_links":{"self":[{"href":"https:\/\/lahora.mx\/index.php\/wp-json\/wp\/v2\/posts\/35541","targetHints":{"allow":["GET"]}}],"collection":[{"href":"https:\/\/lahora.mx\/index.php\/wp-json\/wp\/v2\/posts"}],"about":[{"href":"https:\/\/lahora.mx\/index.php\/wp-json\/wp\/v2\/types\/post"}],"author":[{"embeddable":true,"href":"https:\/\/lahora.mx\/index.php\/wp-json\/wp\/v2\/users\/4"}],"replies":[{"embeddable":true,"href":"https:\/\/lahora.mx\/index.php\/wp-json\/wp\/v2\/comments?post=35541"}],"version-history":[{"count":1,"href":"https:\/\/lahora.mx\/index.php\/wp-json\/wp\/v2\/posts\/35541\/revisions"}],"predecessor-version":[{"id":35543,"href":"https:\/\/lahora.mx\/index.php\/wp-json\/wp\/v2\/posts\/35541\/revisions\/35543"}],"wp:featuredmedia":[{"embeddable":true,"href":"https:\/\/lahora.mx\/index.php\/wp-json\/wp\/v2\/media\/35542"}],"wp:attachment":[{"href":"https:\/\/lahora.mx\/index.php\/wp-json\/wp\/v2\/media?parent=35541"}],"wp:term":[{"taxonomy":"category","embeddable":true,"href":"https:\/\/lahora.mx\/index.php\/wp-json\/wp\/v2\/categories?post=35541"},{"taxonomy":"post_tag","embeddable":true,"href":"https:\/\/lahora.mx\/index.php\/wp-json\/wp\/v2\/tags?post=35541"}],"curies":[{"name":"wp","href":"https:\/\/api.w.org\/{rel}","templated":true}]}}