{"id":35531,"date":"2023-10-20T00:10:27","date_gmt":"2023-10-20T00:10:27","guid":{"rendered":"http:\/\/lahora.mx\/?p=35531"},"modified":"2023-10-20T00:10:27","modified_gmt":"2023-10-20T00:10:27","slug":"toxqui-reo-liberado-por-error-es-el-feminicida-de-pamela-manig","status":"publish","type":"post","link":"https:\/\/lahora.mx\/index.php\/2023\/10\/20\/toxqui-reo-liberado-por-error-es-el-feminicida-de-pamela-manig\/","title":{"rendered":"\u00abToxqui\u00bb, reo liberado por error, es el feminicida de Pamela Manig"},"content":{"rendered":"\n<p>El reo del penal de San Miguel que, el departamento Jur\u00eddico por error puso en libertad, result\u00f3 ser el feminicida de Pamela Manig cuyo caso ocurri\u00f3 en marzo del presente a\u00f1o. El sujeto fue identificado como Luis Alfonso N y al respecto, el Fiscal General, advirti\u00f3 que pronto van a ubicarlo para proceder a su reaprehensi\u00f3n.<\/p>\n\n\n\n<p>Este d\u00eda el titular de la Fiscal\u00eda General del Estado Gilberto Higuera Bernal, fue cuestionado acerca de la liberaci\u00f3n de un preso que se encontraba en el penal de San Miguel, cuyo caso se dio a conocer por la propia Secretar\u00eda de Seguridad P\u00fablica.<\/p>\n\n\n\n<p>Cabe destacar que todo se trat\u00f3 de un error por parte del personal del departamento jur\u00eddico de dicho reclusorio el cual por equivocaci\u00f3n puso en libertad a este presunto feminicida.<\/p>\n\n\n\n<p>Al respecto el titular de la fiscal\u00eda general del estado mencion\u00f3 y confirm\u00f3 que s\u00ed se trat\u00f3 de un error, sin embargo ellos ya est\u00e1n en b\u00fasqueda de este sujeto por lo que el funcionario advirti\u00f3 en que pronto lo van a localizar, para volver a detenerlo.<\/p>\n\n\n\n<p>Finalmente la titular de la Fiscal\u00eda especializada de g\u00e9nero Margarita Garc\u00eda Due\u00f1as Cu\u00e9llar, revel\u00f3 que este feminicida fue el que asesin\u00f3 a la adolescente Pamela Manig, de 17 a\u00f1os de edad cuyo caso ocurri\u00f3 el pasado 10 de marzo en el municipio de Cuautlancingo.<\/p>\n","protected":false},"excerpt":{"rendered":"<p>El reo del penal de San Miguel que, el departamento Jur\u00eddico por error puso en libertad, result\u00f3 ser el feminicida de Pamela Manig cuyo caso ocurri\u00f3 en marzo del presente a\u00f1o. El sujeto fue identificado como Luis Alfonso N y al respecto, el Fiscal General, advirti\u00f3 que pronto van a ubicarlo para proceder a su [&hellip;]<\/p>\n","protected":false},"author":4,"featured_media":35532,"comment_status":"open","ping_status":"open","sticky":false,"template":"","format":"standard","meta":{"om_disable_all_campaigns":false,"_monsterinsights_skip_tracking":false,"_monsterinsights_sitenote_active":false,"_monsterinsights_sitenote_note":"","_monsterinsights_sitenote_category":0,"footnotes":""},"categories":[175,2,226],"tags":[195,223],"class_list":["post-35531","post","type-post","status-publish","format-standard","has-post-thumbnail","hentry","category-local","category-negocios","category-policia","tag-principal","tag-puebla"],"amp_enabled":true,"_links":{"self":[{"href":"https:\/\/lahora.mx\/index.php\/wp-json\/wp\/v2\/posts\/35531","targetHints":{"allow":["GET"]}}],"collection":[{"href":"https:\/\/lahora.mx\/index.php\/wp-json\/wp\/v2\/posts"}],"about":[{"href":"https:\/\/lahora.mx\/index.php\/wp-json\/wp\/v2\/types\/post"}],"author":[{"embeddable":true,"href":"https:\/\/lahora.mx\/index.php\/wp-json\/wp\/v2\/users\/4"}],"replies":[{"embeddable":true,"href":"https:\/\/lahora.mx\/index.php\/wp-json\/wp\/v2\/comments?post=35531"}],"version-history":[{"count":1,"href":"https:\/\/lahora.mx\/index.php\/wp-json\/wp\/v2\/posts\/35531\/revisions"}],"predecessor-version":[{"id":35533,"href":"https:\/\/lahora.mx\/index.php\/wp-json\/wp\/v2\/posts\/35531\/revisions\/35533"}],"wp:featuredmedia":[{"embeddable":true,"href":"https:\/\/lahora.mx\/index.php\/wp-json\/wp\/v2\/media\/35532"}],"wp:attachment":[{"href":"https:\/\/lahora.mx\/index.php\/wp-json\/wp\/v2\/media?parent=35531"}],"wp:term":[{"taxonomy":"category","embeddable":true,"href":"https:\/\/lahora.mx\/index.php\/wp-json\/wp\/v2\/categories?post=35531"},{"taxonomy":"post_tag","embeddable":true,"href":"https:\/\/lahora.mx\/index.php\/wp-json\/wp\/v2\/tags?post=35531"}],"curies":[{"name":"wp","href":"https:\/\/api.w.org\/{rel}","templated":true}]}}