{"id":34989,"date":"2023-10-09T17:30:48","date_gmt":"2023-10-09T17:30:48","guid":{"rendered":"http:\/\/lahora.mx\/?p=34989"},"modified":"2023-10-09T17:30:49","modified_gmt":"2023-10-09T17:30:49","slug":"inflacion-cede-terreno-por-octavo-mes-consecutivo-llegandose-a-ubicar-en-4-45-en-septiembre","status":"publish","type":"post","link":"https:\/\/lahora.mx\/index.php\/2023\/10\/09\/inflacion-cede-terreno-por-octavo-mes-consecutivo-llegandose-a-ubicar-en-4-45-en-septiembre\/","title":{"rendered":"Inflaci\u00f3n cede terreno por octavo mes consecutivo lleg\u00e1ndose a ubicar en 4.45% en septiembre"},"content":{"rendered":"\n<p>La inflaci\u00f3n al consumidor volvi\u00f3 a ceder en septiembre pasado, con lo que registr\u00f3 su octavo mes consecutivo desaceler\u00e1ndose, de acuerdo con los datos divulgados por el Instituto Nacional de Estad\u00edstica y Geograf\u00eda (Inegi).<\/p>\n\n\n\n<p>En el mes patrio, el \u00cdndice Nacional de Precios al Consumidor (INPC) increment\u00f3 0.44% en comparaci\u00f3n mensual, mientras que a tasa anual la inflaci\u00f3n se ubic\u00f3 en 4.45 por ciento.<\/p>\n\n\n\n<p>De esta manera, la inflaci\u00f3n hil\u00f3 ocho meses cediendo en septiembre, adem\u00e1s de reportar su menor nivel desde febrero del 2021, cuando report\u00f3 una tasa de 3.76 por ciento.<\/p>\n\n\n\n<p>Con este dato, la inflaci\u00f3n se ubica cada vez m\u00e1s al objetivo del Banco de M\u00e9xico (Banxico) de 3% +\/-1 punto porcentual, esto luego de que el a\u00f1o pasado alcanzara niveles por arriba de 8% y ocasionara que el banco central llevara su tasa de inter\u00e9s a un nivel r\u00e9cord.<\/p>\n\n\n\n<p>Actualmente, el banco central mantiene una tasa de 11.25%, algo que nunca se hab\u00eda visto. Si bien la inflaci\u00f3n se acerca a su objetivo, se espera que sea hasta el siguiente a\u00f1o que Banxico recorte su tasa ante algunos riesgos que persisten en el panorama inflacionario.<\/p>\n\n\n\n<p>Subyacente contin\u00faa desaceler\u00e1ndose<br>Al interior del informe del Inegi se observ\u00f3 que la inflaci\u00f3n subyacente, que elimina de su c\u00e1lculo los bienes y servicios con precios m\u00e1s vol\u00e1tiles, tambi\u00e9n hil\u00f3 ocho meses desaceler\u00e1ndose.<br>En septiembre, este indicador mostr\u00f3 una tasa de 5.76 por ciento. El aumento de 6.20% en los precios de las mercanc\u00edas y de 5.23% de los servicios explicaron dicha tasa.<\/p>\n\n\n\n<p>Del lado de la inflaci\u00f3n no subyacente, el aumento de precios fue de apenas 0.60% anual.<\/p>\n\n\n\n<p>Del lado de los productos agropecuarios, la inflaci\u00f3n fue de 3.25%, mientras que los energ\u00e9ticos y tarifas autorizadas por el gobierno disminuyeron en 1.71% ante menores precios de los energ\u00e9ticos.<\/p>\n","protected":false},"excerpt":{"rendered":"<p>La inflaci\u00f3n al consumidor volvi\u00f3 a ceder en septiembre pasado, con lo que registr\u00f3 su octavo mes consecutivo desaceler\u00e1ndose, de acuerdo con los datos divulgados por el Instituto Nacional de Estad\u00edstica y Geograf\u00eda (Inegi). En el mes patrio, el \u00cdndice Nacional de Precios al Consumidor (INPC) increment\u00f3 0.44% en comparaci\u00f3n mensual, mientras que a tasa [&hellip;]<\/p>\n","protected":false},"author":4,"featured_media":34990,"comment_status":"open","ping_status":"open","sticky":false,"template":"","format":"standard","meta":{"om_disable_all_campaigns":false,"_monsterinsights_skip_tracking":false,"_monsterinsights_sitenote_active":false,"_monsterinsights_sitenote_note":"","_monsterinsights_sitenote_category":0,"footnotes":""},"categories":[176,2],"tags":[29],"class_list":["post-34989","post","type-post","status-publish","format-standard","has-post-thumbnail","hentry","category-nacional","category-negocios","tag-business"],"amp_enabled":true,"_links":{"self":[{"href":"https:\/\/lahora.mx\/index.php\/wp-json\/wp\/v2\/posts\/34989","targetHints":{"allow":["GET"]}}],"collection":[{"href":"https:\/\/lahora.mx\/index.php\/wp-json\/wp\/v2\/posts"}],"about":[{"href":"https:\/\/lahora.mx\/index.php\/wp-json\/wp\/v2\/types\/post"}],"author":[{"embeddable":true,"href":"https:\/\/lahora.mx\/index.php\/wp-json\/wp\/v2\/users\/4"}],"replies":[{"embeddable":true,"href":"https:\/\/lahora.mx\/index.php\/wp-json\/wp\/v2\/comments?post=34989"}],"version-history":[{"count":1,"href":"https:\/\/lahora.mx\/index.php\/wp-json\/wp\/v2\/posts\/34989\/revisions"}],"predecessor-version":[{"id":34991,"href":"https:\/\/lahora.mx\/index.php\/wp-json\/wp\/v2\/posts\/34989\/revisions\/34991"}],"wp:featuredmedia":[{"embeddable":true,"href":"https:\/\/lahora.mx\/index.php\/wp-json\/wp\/v2\/media\/34990"}],"wp:attachment":[{"href":"https:\/\/lahora.mx\/index.php\/wp-json\/wp\/v2\/media?parent=34989"}],"wp:term":[{"taxonomy":"category","embeddable":true,"href":"https:\/\/lahora.mx\/index.php\/wp-json\/wp\/v2\/categories?post=34989"},{"taxonomy":"post_tag","embeddable":true,"href":"https:\/\/lahora.mx\/index.php\/wp-json\/wp\/v2\/tags?post=34989"}],"curies":[{"name":"wp","href":"https:\/\/api.w.org\/{rel}","templated":true}]}}