{"id":34849,"date":"2023-10-06T15:42:21","date_gmt":"2023-10-06T15:42:21","guid":{"rendered":"http:\/\/lahora.mx\/?p=34849"},"modified":"2023-10-06T15:42:21","modified_gmt":"2023-10-06T15:42:21","slug":"el-gobernador-sergio-salomon-inaugura-homenaje-postumo-a-leonardo-nierman","status":"publish","type":"post","link":"https:\/\/lahora.mx\/index.php\/2023\/10\/06\/el-gobernador-sergio-salomon-inaugura-homenaje-postumo-a-leonardo-nierman\/","title":{"rendered":"El gobernador Sergio Salom\u00f3n inaugura homenaje p\u00f3stumo a Leonardo Nierman"},"content":{"rendered":"\n<p>Sergio Salom\u00f3n C\u00e9spedes, gobernador de Puebla, inaugur\u00f3 de la exposici\u00f3n \u201cDonde el sonido se convirti\u00f3 en arte\u201d, un homenaje p\u00f3stumo a Leonardo Nierman, artista pl\u00e1stico mexicano, en el Museo Internacional del Barroco (MIB).<\/p>\n\n\n\n<p>Durante su intervenci\u00f3n, el titular del Ejecutivo coment\u00f3 que la cultura sensibiliza el esp\u00edritu y ofrece mejores alternativas de crecimiento para todos y expres\u00f3 que su administraci\u00f3n promueve estrategias para que la entidad sea un centro de expresi\u00f3n art\u00edstica y cultural tanto nacional como internacional.<\/p>\n\n\n\n<p>Salom\u00f3n C\u00e9spedes refrend\u00f3 el compromiso de su administraci\u00f3n con la difusi\u00f3n de la cultura y creaci\u00f3n art\u00edstica e invit\u00f3 a todas y todos los poblanos para que visiten la exposici\u00f3n en el Museo Internacional del Barroco y conozcan el arte de Leonardo Nierman. (JC)<\/p>\n","protected":false},"excerpt":{"rendered":"<p>Sergio Salom\u00f3n C\u00e9spedes, gobernador de Puebla, inaugur\u00f3 de la exposici\u00f3n \u201cDonde el sonido se convirti\u00f3 en arte\u201d, un homenaje p\u00f3stumo a Leonardo Nierman, artista pl\u00e1stico mexicano, en el Museo Internacional del Barroco (MIB). Durante su intervenci\u00f3n, el titular del Ejecutivo coment\u00f3 que la cultura sensibiliza el esp\u00edritu y ofrece mejores alternativas de crecimiento para todos [&hellip;]<\/p>\n","protected":false},"author":4,"featured_media":34850,"comment_status":"open","ping_status":"open","sticky":false,"template":"","format":"standard","meta":{"om_disable_all_campaigns":false,"_monsterinsights_skip_tracking":false,"_monsterinsights_sitenote_active":false,"_monsterinsights_sitenote_note":"","_monsterinsights_sitenote_category":0,"footnotes":""},"categories":[175],"tags":[239,223],"class_list":["post-34849","post","type-post","status-publish","format-standard","has-post-thumbnail","hentry","category-local","tag-gobierno","tag-puebla"],"amp_enabled":true,"_links":{"self":[{"href":"https:\/\/lahora.mx\/index.php\/wp-json\/wp\/v2\/posts\/34849","targetHints":{"allow":["GET"]}}],"collection":[{"href":"https:\/\/lahora.mx\/index.php\/wp-json\/wp\/v2\/posts"}],"about":[{"href":"https:\/\/lahora.mx\/index.php\/wp-json\/wp\/v2\/types\/post"}],"author":[{"embeddable":true,"href":"https:\/\/lahora.mx\/index.php\/wp-json\/wp\/v2\/users\/4"}],"replies":[{"embeddable":true,"href":"https:\/\/lahora.mx\/index.php\/wp-json\/wp\/v2\/comments?post=34849"}],"version-history":[{"count":1,"href":"https:\/\/lahora.mx\/index.php\/wp-json\/wp\/v2\/posts\/34849\/revisions"}],"predecessor-version":[{"id":34851,"href":"https:\/\/lahora.mx\/index.php\/wp-json\/wp\/v2\/posts\/34849\/revisions\/34851"}],"wp:featuredmedia":[{"embeddable":true,"href":"https:\/\/lahora.mx\/index.php\/wp-json\/wp\/v2\/media\/34850"}],"wp:attachment":[{"href":"https:\/\/lahora.mx\/index.php\/wp-json\/wp\/v2\/media?parent=34849"}],"wp:term":[{"taxonomy":"category","embeddable":true,"href":"https:\/\/lahora.mx\/index.php\/wp-json\/wp\/v2\/categories?post=34849"},{"taxonomy":"post_tag","embeddable":true,"href":"https:\/\/lahora.mx\/index.php\/wp-json\/wp\/v2\/tags?post=34849"}],"curies":[{"name":"wp","href":"https:\/\/api.w.org\/{rel}","templated":true}]}}