{"id":34830,"date":"2023-10-06T03:13:22","date_gmt":"2023-10-06T03:13:22","guid":{"rendered":"http:\/\/lahora.mx\/?p=34830"},"modified":"2023-10-06T03:13:22","modified_gmt":"2023-10-06T03:13:22","slug":"gobierno-de-eu-asegura-que-se-opone-a-la-construccion-del-muro-fronterizo","status":"publish","type":"post","link":"https:\/\/lahora.mx\/index.php\/2023\/10\/06\/gobierno-de-eu-asegura-que-se-opone-a-la-construccion-del-muro-fronterizo\/","title":{"rendered":"Gobierno de EU asegura que se opone a la construcci\u00f3n del muro fronterizo"},"content":{"rendered":"\n<p>El secretario de Seguridad Nacional de Estados Unidos, Alejandro Mayorkas, asegur\u00f3 este jueves desde M\u00e9xico que la administraci\u00f3n de Joe Biden se opone a la construcci\u00f3n del muro fronterizo y que las informaciones sobre su reanudaci\u00f3n fueron \u00absacadas de contexto\u00bb.<\/p>\n\n\n\n<p>\u00abQuiero ser totalmente claro: no hay una nueva pol\u00edtica de la Administraci\u00f3n sobre el muro de la frontera. Lo repito. No hay una nueva pol\u00edtica de la Administraci\u00f3n sobre el muro\u00bb, dijo en una rueda de prensa en el Palacio Nacional de M\u00e9xico.<\/p>\n\n\n\n<p>El presidente Biden argument\u00f3 que los fondos ya hab\u00edan sido asignados por el Congreso. \u201cIntent\u00e9 que se reapropiara, que se redireccionara ese dinero. No lo hicieron. No lo har\u00e1n. Mientras tanto, la ley no establece nada m\u00e1s que utilizar el dinero para lo que fue considerado. No puedo detener eso\u201d. Cuestionado sobre si cree que los muros funcionen, dijo: \u201cNo\u201d.<\/p>\n\n\n\n<p>Despu\u00e9s de asumir el cargo en enero de 2021, se comprometi\u00f3 a que \u201cno se desviar\u00edan m\u00e1s d\u00f3lares de los contribuyentes estadounidenses para la construcci\u00f3n de un muro fronterizo\u201d y anunci\u00f3 una revisi\u00f3n de todos los recursos previamente comprometidos.<\/p>\n\n\n\n<p>Los fondos asignados para reformar el muro fronterizo fueron aprobados por el Congreso en 2019, cuando Biden a\u00fan no hab\u00eda llegado a la Casa Blanca y gobernaba el republicano Donald Trump.<br>S\u00f3lo una persona con un IQ de 140 puede responder estas preguntas con trampa<br>Desafiomundial<br>En una rueda de prensa, la portavoz presidencial, Karine Jean-Pierre, argument\u00f3 que la Casa Blanca no puede retrasar m\u00e1s esas obras en el muro con M\u00e9xico y, ante la negativa del Congreso para desviar los fondos a otras partidas, el Ejecutivo debe \u201ccumplir con la ley\u201d.<\/p>\n\n\n\n<p>La portavoz rechaz\u00f3 confirmar si ha habido o no contactos con el gobierno del presidente mexicano, Andr\u00e9s Manuel L\u00f3pez Obrador, que tradicionalmente se ha mostrado muy cr\u00edtico con el muro.<\/p>\n\n\n\n<p>L\u00f3pez Obrador, en su conferencia matutina, acus\u00f3 que en EU se est\u00e1 actuando \u201cmuy irresponsable\u201d ante las elecciones del pr\u00f3ximo a\u00f1o y rechaz\u00f3 la construcci\u00f3n de un muro. \u201cNo se trata de estar reteniendo con barreras, con muros, yo creo que vamos a tratar esta asunto tambi\u00e9n, y yo ma\u00f1ana voy a hablar del tema, de esta propuesta que se dio a conocer el d\u00eda de ayer para permitir la construcci\u00f3n de un muro en la frontera. Adem\u00e1s, el Presidente apost\u00f3 por atender las causas para atender la migraci\u00f3n.<\/p>\n","protected":false},"excerpt":{"rendered":"<p>El secretario de Seguridad Nacional de Estados Unidos, Alejandro Mayorkas, asegur\u00f3 este jueves desde M\u00e9xico que la administraci\u00f3n de Joe Biden se opone a la construcci\u00f3n del muro fronterizo y que las informaciones sobre su reanudaci\u00f3n fueron \u00absacadas de contexto\u00bb. \u00abQuiero ser totalmente claro: no hay una nueva pol\u00edtica de la Administraci\u00f3n sobre el muro [&hellip;]<\/p>\n","protected":false},"author":4,"featured_media":34831,"comment_status":"open","ping_status":"open","sticky":false,"template":"","format":"standard","meta":{"om_disable_all_campaigns":false,"_monsterinsights_skip_tracking":false,"_monsterinsights_sitenote_active":false,"_monsterinsights_sitenote_note":"","_monsterinsights_sitenote_category":0,"footnotes":""},"categories":[176],"tags":[],"class_list":["post-34830","post","type-post","status-publish","format-standard","has-post-thumbnail","hentry","category-nacional"],"amp_enabled":true,"_links":{"self":[{"href":"https:\/\/lahora.mx\/index.php\/wp-json\/wp\/v2\/posts\/34830","targetHints":{"allow":["GET"]}}],"collection":[{"href":"https:\/\/lahora.mx\/index.php\/wp-json\/wp\/v2\/posts"}],"about":[{"href":"https:\/\/lahora.mx\/index.php\/wp-json\/wp\/v2\/types\/post"}],"author":[{"embeddable":true,"href":"https:\/\/lahora.mx\/index.php\/wp-json\/wp\/v2\/users\/4"}],"replies":[{"embeddable":true,"href":"https:\/\/lahora.mx\/index.php\/wp-json\/wp\/v2\/comments?post=34830"}],"version-history":[{"count":1,"href":"https:\/\/lahora.mx\/index.php\/wp-json\/wp\/v2\/posts\/34830\/revisions"}],"predecessor-version":[{"id":34832,"href":"https:\/\/lahora.mx\/index.php\/wp-json\/wp\/v2\/posts\/34830\/revisions\/34832"}],"wp:featuredmedia":[{"embeddable":true,"href":"https:\/\/lahora.mx\/index.php\/wp-json\/wp\/v2\/media\/34831"}],"wp:attachment":[{"href":"https:\/\/lahora.mx\/index.php\/wp-json\/wp\/v2\/media?parent=34830"}],"wp:term":[{"taxonomy":"category","embeddable":true,"href":"https:\/\/lahora.mx\/index.php\/wp-json\/wp\/v2\/categories?post=34830"},{"taxonomy":"post_tag","embeddable":true,"href":"https:\/\/lahora.mx\/index.php\/wp-json\/wp\/v2\/tags?post=34830"}],"curies":[{"name":"wp","href":"https:\/\/api.w.org\/{rel}","templated":true}]}}