{"id":34760,"date":"2023-10-05T02:42:58","date_gmt":"2023-10-05T02:42:58","guid":{"rendered":"http:\/\/lahora.mx\/?p=34760"},"modified":"2023-10-05T03:27:21","modified_gmt":"2023-10-05T03:27:21","slug":"l-gobernadora-lorena-cuellar-declara-lista-a-tlaxcala-para-mundial-de-voleibol-de-playa","status":"publish","type":"post","link":"https:\/\/lahora.mx\/index.php\/2023\/10\/05\/l-gobernadora-lorena-cuellar-declara-lista-a-tlaxcala-para-mundial-de-voleibol-de-playa\/","title":{"rendered":"La gobernadora  Lorena Cu\u00e9llar declara lista a Tlaxcala para Mundial de Voleibol de Playa"},"content":{"rendered":"\n<p>Previo a la magna inauguraci\u00f3n del Mundial de Voleibol de Playa, la gobernadora de Tlaxcala, Lorena Cu\u00e9llar Cisneros, declar\u00f3 lista a la entidad para la justa deportiva y anunci\u00f3 que la noche de este mi\u00e9rcoles har\u00e1 un recorrido de supervisi\u00f3n a las plazas de toros, sedes de las competencias.<\/p>\n\n\n\n<p>Indic\u00f3 que estar\u00e1 en la plaza de toros de la capital para constatar que est\u00e9 lista para recibir a los atletas y visitantes, quienes ya est\u00e1n en el estado para participar del cinco al 15 de octubre.<\/p>\n\n\n\n<p>Afirm\u00f3 que el Mundial de Voleibol dar\u00e1 a Tlaxcala la oportunidad de un \u201cgran\u201d desarrollo econ\u00f3mico, proyecci\u00f3n a nivel mundial y ser el quinto estado de M\u00e9xico en albergar un mundial.<\/p>\n\n\n\n<p>En entrevista con reporteros, Lorena Cu\u00e9llar defendi\u00f3 que su gobierno trabaja para que la entidad siga siendo la m\u00e1s segura del pa\u00eds, vengan visitantes, as\u00ed como turistas internacionales que brindan impulso econ\u00f3mico al sector de servicios y turismo.<\/p>\n\n\n\n<p>\u201cHoy entre todos tenemos que hacer una gran labor para que Tlaxcala quede en un alto nivel en el escenario mundial\u201d, remat\u00f3.<\/p>\n","protected":false},"excerpt":{"rendered":"<p>Previo a la magna inauguraci\u00f3n del Mundial de Voleibol de Playa, la gobernadora de Tlaxcala, Lorena Cu\u00e9llar Cisneros, declar\u00f3 lista a la entidad para la justa deportiva y anunci\u00f3 que la noche de este mi\u00e9rcoles har\u00e1 un recorrido de supervisi\u00f3n a las plazas de toros, sedes de las competencias. Indic\u00f3 que estar\u00e1 en la plaza [&hellip;]<\/p>\n","protected":false},"author":4,"featured_media":34761,"comment_status":"open","ping_status":"open","sticky":false,"template":"","format":"standard","meta":{"om_disable_all_campaigns":false,"_monsterinsights_skip_tracking":false,"_monsterinsights_sitenote_active":false,"_monsterinsights_sitenote_note":"","_monsterinsights_sitenote_category":0,"footnotes":""},"categories":[175],"tags":[223,210],"class_list":["post-34760","post","type-post","status-publish","format-standard","has-post-thumbnail","hentry","category-local","tag-puebla","tag-tlaxcala"],"amp_enabled":true,"_links":{"self":[{"href":"https:\/\/lahora.mx\/index.php\/wp-json\/wp\/v2\/posts\/34760","targetHints":{"allow":["GET"]}}],"collection":[{"href":"https:\/\/lahora.mx\/index.php\/wp-json\/wp\/v2\/posts"}],"about":[{"href":"https:\/\/lahora.mx\/index.php\/wp-json\/wp\/v2\/types\/post"}],"author":[{"embeddable":true,"href":"https:\/\/lahora.mx\/index.php\/wp-json\/wp\/v2\/users\/4"}],"replies":[{"embeddable":true,"href":"https:\/\/lahora.mx\/index.php\/wp-json\/wp\/v2\/comments?post=34760"}],"version-history":[{"count":2,"href":"https:\/\/lahora.mx\/index.php\/wp-json\/wp\/v2\/posts\/34760\/revisions"}],"predecessor-version":[{"id":34773,"href":"https:\/\/lahora.mx\/index.php\/wp-json\/wp\/v2\/posts\/34760\/revisions\/34773"}],"wp:featuredmedia":[{"embeddable":true,"href":"https:\/\/lahora.mx\/index.php\/wp-json\/wp\/v2\/media\/34761"}],"wp:attachment":[{"href":"https:\/\/lahora.mx\/index.php\/wp-json\/wp\/v2\/media?parent=34760"}],"wp:term":[{"taxonomy":"category","embeddable":true,"href":"https:\/\/lahora.mx\/index.php\/wp-json\/wp\/v2\/categories?post=34760"},{"taxonomy":"post_tag","embeddable":true,"href":"https:\/\/lahora.mx\/index.php\/wp-json\/wp\/v2\/tags?post=34760"}],"curies":[{"name":"wp","href":"https:\/\/api.w.org\/{rel}","templated":true}]}}