{"id":34602,"date":"2023-09-19T03:00:18","date_gmt":"2023-09-19T03:00:18","guid":{"rendered":"http:\/\/lahora.mx\/?p=34602"},"modified":"2023-10-03T03:03:40","modified_gmt":"2023-10-03T03:03:40","slug":"con-exito-participo-congreso-del-estado-en-el-simulacro-nacional-2023","status":"publish","type":"post","link":"https:\/\/lahora.mx\/index.php\/2023\/09\/19\/con-exito-participo-congreso-del-estado-en-el-simulacro-nacional-2023\/","title":{"rendered":"Con \u00e9xito, particip\u00f3 Congreso del Estado en el Simulacro Nacional 2023"},"content":{"rendered":"\n<p>Con la participaci\u00f3n de 388 personas, la LXI Legislatura del Congreso del Estado se sum\u00f3 al Simulacro Nacional 2023, que tuvo como objetivo promover una cultura de protecci\u00f3n civil en la ciudadan\u00eda.<\/p>\n\n\n\n<p>El ejercicio se realiz\u00f3 en punto de las 11:00 horas de este 19 de septiembre de 2023, con un escenario hipot\u00e9tico de sismo que tuvo una magnitud de 8 grados en escala Richter con epicentro en las costas de Acapulco, Guerrero.<\/p>\n\n\n\n<p>El tiempo de evacuaci\u00f3n fue de 3 minutos con 10 segundos y en este ejercicio participaron diputadas, diputados, personal administrativo y visitantes a la sede del Poder Legislativo, en total 314 personas en la sede principal del Congreso y 74 personas m\u00e1s en la sede alterna conocida como \u201cMes\u00f3n del Cristo\u201d.<\/p>\n\n\n\n<p>Tras la evacuaci\u00f3n, las brigadas de protecci\u00f3n civil procedieron a cumplir con el protocolo de actuaci\u00f3n, que incluy\u00f3 la evaluaci\u00f3n del lugar, sin que se hayan reportado da\u00f1os en la estructura de los edificios del Congreso del Estado.<\/p>\n\n\n\n<p>Como parte del simulacro, se realiz\u00f3 un ejercicio de evacuaci\u00f3n de un trabajador que result\u00f3 lesionado; fue atendido por la Brigada de B\u00fasqueda y Rescate del Congreso del Estado y posteriormente por la Brigada de Primeros Auxilios.<\/p>\n\n\n\n<p>Al concluir el ejercicio con \u00e9xito, las y los participantes regresaron a sus respectivas \u00e1reas para continuar con sus actividades.<\/p>\n","protected":false},"excerpt":{"rendered":"<p>Con la participaci\u00f3n de 388 personas, la LXI Legislatura del Congreso del Estado se sum\u00f3 al Simulacro Nacional 2023, que tuvo como objetivo promover una cultura de protecci\u00f3n civil en la ciudadan\u00eda. El ejercicio se realiz\u00f3 en punto de las 11:00 horas de este 19 de septiembre de 2023, con un escenario hipot\u00e9tico de sismo [&hellip;]<\/p>\n","protected":false},"author":4,"featured_media":34605,"comment_status":"open","ping_status":"open","sticky":false,"template":"","format":"standard","meta":{"om_disable_all_campaigns":false,"_monsterinsights_skip_tracking":false,"_monsterinsights_sitenote_active":false,"_monsterinsights_sitenote_note":"","_monsterinsights_sitenote_category":0,"footnotes":""},"categories":[175],"tags":[227,223],"class_list":["post-34602","post","type-post","status-publish","format-standard","has-post-thumbnail","hentry","category-local","tag-congreso","tag-puebla"],"amp_enabled":true,"_links":{"self":[{"href":"https:\/\/lahora.mx\/index.php\/wp-json\/wp\/v2\/posts\/34602","targetHints":{"allow":["GET"]}}],"collection":[{"href":"https:\/\/lahora.mx\/index.php\/wp-json\/wp\/v2\/posts"}],"about":[{"href":"https:\/\/lahora.mx\/index.php\/wp-json\/wp\/v2\/types\/post"}],"author":[{"embeddable":true,"href":"https:\/\/lahora.mx\/index.php\/wp-json\/wp\/v2\/users\/4"}],"replies":[{"embeddable":true,"href":"https:\/\/lahora.mx\/index.php\/wp-json\/wp\/v2\/comments?post=34602"}],"version-history":[{"count":1,"href":"https:\/\/lahora.mx\/index.php\/wp-json\/wp\/v2\/posts\/34602\/revisions"}],"predecessor-version":[{"id":34606,"href":"https:\/\/lahora.mx\/index.php\/wp-json\/wp\/v2\/posts\/34602\/revisions\/34606"}],"wp:featuredmedia":[{"embeddable":true,"href":"https:\/\/lahora.mx\/index.php\/wp-json\/wp\/v2\/media\/34605"}],"wp:attachment":[{"href":"https:\/\/lahora.mx\/index.php\/wp-json\/wp\/v2\/media?parent=34602"}],"wp:term":[{"taxonomy":"category","embeddable":true,"href":"https:\/\/lahora.mx\/index.php\/wp-json\/wp\/v2\/categories?post=34602"},{"taxonomy":"post_tag","embeddable":true,"href":"https:\/\/lahora.mx\/index.php\/wp-json\/wp\/v2\/tags?post=34602"}],"curies":[{"name":"wp","href":"https:\/\/api.w.org\/{rel}","templated":true}]}}