{"id":34258,"date":"2023-09-29T17:43:26","date_gmt":"2023-09-29T17:43:26","guid":{"rendered":"http:\/\/lahora.mx\/?p=34258"},"modified":"2023-09-29T17:43:27","modified_gmt":"2023-09-29T17:43:27","slug":"mi-carrera-politica-se-la-debo-al-pueblo-de-tlaxcala-menciono-la-gobernadora-lorena-cuellar","status":"publish","type":"post","link":"https:\/\/lahora.mx\/index.php\/2023\/09\/29\/mi-carrera-politica-se-la-debo-al-pueblo-de-tlaxcala-menciono-la-gobernadora-lorena-cuellar\/","title":{"rendered":"Mi carrera pol\u00edtica se la debo al pueblo de Tlaxcala menciono la gobernadora Lorena Cu\u00e9llar"},"content":{"rendered":"\n<p>Las los se\u00f1alamientos del dirigente nacional del PRI, Alejandro Moreno C\u00e1rdenas, contra militantes que dejaron al partido para llegar a Morena y catalogarlos como \u201ctraidores\u201d, la gobernadora Lorena Cu\u00e9llar Cisneros dijo que durante varios a\u00f1os trabaj\u00f3 para llegar al cargo por lo que nadie le \u201cregal\u00f3 nada, ni le dio nada\u201d.<\/p>\n\n\n\n<p>Afirm\u00f3 que su trabajo le permiti\u00f3 llegar a cargos, como s\u00edndica, diputada, presidenta municipal, senadora y actualmente gobernadora.<\/p>\n\n\n\n<p>Se dijo ser respetuosa del compromiso y de lo que declar\u00f3 el exgobernador, Mariano Gonz\u00e1lez Zarur, as\u00ed como Alejandro Moreno, pero asever\u00f3 que no comparte esa posici\u00f3n pues el puesto se lo debe al pueblo.<\/p>\n\n\n\n<p>\u201cAqu\u00ed era algo inevitable, era un trabajo de muchos a\u00f1os y hoy el pueblo solamente me refrend\u00f3\u201d.<\/p>\n\n\n\n<p>Mariano Gonz\u00e1lez y Alejandro Moreno acusaron de \u201ctraidor\u201d al exgobernador Marco Mena e, incluso, dej\u00f3 entrever convenios entre \u00e9ste y la mandataria, por lo cual rechaz\u00f3 los se\u00f1alamientos.<\/p>\n\n\n\n<p>Pensiones Civiles<br>En otro orden, asegur\u00f3 que tras desfalcos en Pensiones Civiles surgieron dos denuncias, las cuales contin\u00faan en proceso, ya que record\u00f3 que los mismos m\u00e9dicos surt\u00edan los medicamentos hasta por 8 millones de pesos a un solo trabajador.<\/p>\n\n\n\n<p>Las denuncias son dirigidas a personas que trabajaban al interior de Pensiones Civiles, por lo que record\u00f3 que desde el inicio de su administraci\u00f3n se despidieron a los m\u00e9dicos de los m\u00f3dulos.<\/p>\n\n\n\n<p>Confi\u00f3 que las actuales decisiones respecto a los M\u00f3dulos de Salud, presentar\u00e1n un impacto positivo en las figuras campa\u00f1as y elecciones a favor de Morena.<\/p>\n\n\n\n<p>\u201cNo por unos cuantos que son un pu\u00f1o de personas se va a perjudicar una imagen de toda una dependencia, que ha sufrido en muchos a\u00f1os una situaci\u00f3n grave en su econom\u00eda\u201d.<\/p>\n","protected":false},"excerpt":{"rendered":"<p>Las los se\u00f1alamientos del dirigente nacional del PRI, Alejandro Moreno C\u00e1rdenas, contra militantes que dejaron al partido para llegar a Morena y catalogarlos como \u201ctraidores\u201d, la gobernadora Lorena Cu\u00e9llar Cisneros dijo que durante varios a\u00f1os trabaj\u00f3 para llegar al cargo por lo que nadie le \u201cregal\u00f3 nada, ni le dio nada\u201d. Afirm\u00f3 que su trabajo [&hellip;]<\/p>\n","protected":false},"author":4,"featured_media":34259,"comment_status":"open","ping_status":"open","sticky":false,"template":"","format":"standard","meta":{"om_disable_all_campaigns":false,"_monsterinsights_skip_tracking":false,"_monsterinsights_sitenote_active":false,"_monsterinsights_sitenote_note":"","_monsterinsights_sitenote_category":0,"footnotes":""},"categories":[175],"tags":[223,210],"class_list":["post-34258","post","type-post","status-publish","format-standard","has-post-thumbnail","hentry","category-local","tag-puebla","tag-tlaxcala"],"amp_enabled":true,"_links":{"self":[{"href":"https:\/\/lahora.mx\/index.php\/wp-json\/wp\/v2\/posts\/34258","targetHints":{"allow":["GET"]}}],"collection":[{"href":"https:\/\/lahora.mx\/index.php\/wp-json\/wp\/v2\/posts"}],"about":[{"href":"https:\/\/lahora.mx\/index.php\/wp-json\/wp\/v2\/types\/post"}],"author":[{"embeddable":true,"href":"https:\/\/lahora.mx\/index.php\/wp-json\/wp\/v2\/users\/4"}],"replies":[{"embeddable":true,"href":"https:\/\/lahora.mx\/index.php\/wp-json\/wp\/v2\/comments?post=34258"}],"version-history":[{"count":1,"href":"https:\/\/lahora.mx\/index.php\/wp-json\/wp\/v2\/posts\/34258\/revisions"}],"predecessor-version":[{"id":34260,"href":"https:\/\/lahora.mx\/index.php\/wp-json\/wp\/v2\/posts\/34258\/revisions\/34260"}],"wp:featuredmedia":[{"embeddable":true,"href":"https:\/\/lahora.mx\/index.php\/wp-json\/wp\/v2\/media\/34259"}],"wp:attachment":[{"href":"https:\/\/lahora.mx\/index.php\/wp-json\/wp\/v2\/media?parent=34258"}],"wp:term":[{"taxonomy":"category","embeddable":true,"href":"https:\/\/lahora.mx\/index.php\/wp-json\/wp\/v2\/categories?post=34258"},{"taxonomy":"post_tag","embeddable":true,"href":"https:\/\/lahora.mx\/index.php\/wp-json\/wp\/v2\/tags?post=34258"}],"curies":[{"name":"wp","href":"https:\/\/api.w.org\/{rel}","templated":true}]}}