{"id":34225,"date":"2023-09-29T01:30:57","date_gmt":"2023-09-29T01:30:57","guid":{"rendered":"http:\/\/lahora.mx\/?p=34225"},"modified":"2023-09-29T01:30:57","modified_gmt":"2023-09-29T01:30:57","slug":"una-oleada-verde-exige-legislar-a-favor-del-aborto","status":"publish","type":"post","link":"https:\/\/lahora.mx\/index.php\/2023\/09\/29\/una-oleada-verde-exige-legislar-a-favor-del-aborto\/","title":{"rendered":"Una oleada verde exige legislar a favor del aborto"},"content":{"rendered":"\n<p>\u201cNosotras parimos, nosotras decidimos\u201d, fue la consigna que acompa\u00f1\u00f3 a los contingentes feministas que este jueves exigieron al Congreso de Puebla que legisle a favor de la despenalizaci\u00f3n del aborto en el estado.<\/p>\n\n\n\n<p>La movilizaci\u00f3n forma parte de las acciones de este 28 de septiembre, D\u00eda Acci\u00f3n Global contra la criminalizaci\u00f3n de las mujeres que deciden interrumpir su embarazo.<\/p>\n\n\n\n<p>Marcha Puebla hoy: oleada verde exige legislar a favor del aborto<br>Oleada verde inunda calles de Puebla<\/p>\n\n\n\n<p>Desde Plaza Dorada y hasta el Palacio Municipal, un grupo de mujeres avanz\u00f3 durante dos horas sobre el Bulevar 5 de Mayo invitando a tomar consciencia sobre los problemas de salud que genera las alternativas que toman algunas f\u00e9minas para no continuar con su gestaci\u00f3n derivado de diversas causas.<\/p>\n\n\n\n<p>Aproximadamente un grupo de 200 mujeres acompa\u00f1aron y abrazaron la movilizaci\u00f3n, adem\u00e1s de organizar foros, bailes y protestas frente al Congreso del estado, donde se coloc\u00f3 una lona de color verde para pedir la homologaci\u00f3n de la declaraci\u00f3n de despenalizaci\u00f3n del aborto.<\/p>\n","protected":false},"excerpt":{"rendered":"<p>\u201cNosotras parimos, nosotras decidimos\u201d, fue la consigna que acompa\u00f1\u00f3 a los contingentes feministas que este jueves exigieron al Congreso de Puebla que legisle a favor de la despenalizaci\u00f3n del aborto en el estado. La movilizaci\u00f3n forma parte de las acciones de este 28 de septiembre, D\u00eda Acci\u00f3n Global contra la criminalizaci\u00f3n de las mujeres que [&hellip;]<\/p>\n","protected":false},"author":4,"featured_media":34226,"comment_status":"open","ping_status":"open","sticky":false,"template":"","format":"standard","meta":{"om_disable_all_campaigns":false,"_monsterinsights_skip_tracking":false,"_monsterinsights_sitenote_active":false,"_monsterinsights_sitenote_note":"","_monsterinsights_sitenote_category":0,"footnotes":""},"categories":[175],"tags":[195,223],"class_list":["post-34225","post","type-post","status-publish","format-standard","has-post-thumbnail","hentry","category-local","tag-principal","tag-puebla"],"amp_enabled":true,"_links":{"self":[{"href":"https:\/\/lahora.mx\/index.php\/wp-json\/wp\/v2\/posts\/34225","targetHints":{"allow":["GET"]}}],"collection":[{"href":"https:\/\/lahora.mx\/index.php\/wp-json\/wp\/v2\/posts"}],"about":[{"href":"https:\/\/lahora.mx\/index.php\/wp-json\/wp\/v2\/types\/post"}],"author":[{"embeddable":true,"href":"https:\/\/lahora.mx\/index.php\/wp-json\/wp\/v2\/users\/4"}],"replies":[{"embeddable":true,"href":"https:\/\/lahora.mx\/index.php\/wp-json\/wp\/v2\/comments?post=34225"}],"version-history":[{"count":1,"href":"https:\/\/lahora.mx\/index.php\/wp-json\/wp\/v2\/posts\/34225\/revisions"}],"predecessor-version":[{"id":34227,"href":"https:\/\/lahora.mx\/index.php\/wp-json\/wp\/v2\/posts\/34225\/revisions\/34227"}],"wp:featuredmedia":[{"embeddable":true,"href":"https:\/\/lahora.mx\/index.php\/wp-json\/wp\/v2\/media\/34226"}],"wp:attachment":[{"href":"https:\/\/lahora.mx\/index.php\/wp-json\/wp\/v2\/media?parent=34225"}],"wp:term":[{"taxonomy":"category","embeddable":true,"href":"https:\/\/lahora.mx\/index.php\/wp-json\/wp\/v2\/categories?post=34225"},{"taxonomy":"post_tag","embeddable":true,"href":"https:\/\/lahora.mx\/index.php\/wp-json\/wp\/v2\/tags?post=34225"}],"curies":[{"name":"wp","href":"https:\/\/api.w.org\/{rel}","templated":true}]}}