{"id":34218,"date":"2023-09-28T23:09:10","date_gmt":"2023-09-28T23:09:10","guid":{"rendered":"http:\/\/lahora.mx\/?p=34218"},"modified":"2023-09-28T23:09:10","modified_gmt":"2023-09-28T23:09:10","slug":"la-despenalizacion-del-aborto-confronta-de-nuevo-a-diputados-de-puebla","status":"publish","type":"post","link":"https:\/\/lahora.mx\/index.php\/2023\/09\/28\/la-despenalizacion-del-aborto-confronta-de-nuevo-a-diputados-de-puebla\/","title":{"rendered":"La despenalizaci\u00f3n del aborto confronta de nuevo a diputados de Puebla"},"content":{"rendered":"\n<p>Al conmemorarse el D\u00eda de Acci\u00f3n Global por la Despenalizaci\u00f3n del Aborto, las bancadas en el Congreso de Puebla volvieron a diferir en torno al tema, una vez que el PAN pide que no haya cambio, y la legisladora del PT, M\u00f3nica Silva demanda el aborto seguro.<\/p>\n\n\n\n<p>Ser\u00e1 durante la sesi\u00f3n ordinaria del pasado viernes, M\u00f3nica Silva pidi\u00f3 a la Secretar\u00eda de Salud que en su competencia lleve a cabo las acciones necesarias que garanticen en Puebla, la aplicaci\u00f3n de la NOM-046-SSA2-2005 y del Lineamiento T\u00e9cnico para la atenci\u00f3n del Aborto Seguro en M\u00e9xico 2022.<\/p>\n\n\n\n<p>Se\u00f1al\u00f3 que lo anterior se garantizar\u00e1 que las instituciones de salud p\u00fablica en Puebla cuenten con personal de salud no objetor de conciencia y un protocolo que permita el m\u00e9todo y los servicios de salud f\u00edsica y mental post aborto.<\/p>\n\n\n\n<p>PAN Puebla mantiene postura contra aborto<br>Por su parte, M\u00f3nica Rodr\u00edguez Della Vecchia, dijo que la bancada del Partido Acci\u00f3n Nacional (PAN) est\u00e1n listos para debatir en el pr\u00f3ximo per\u00edodo ordinario de sesiones, pues indic\u00f3 que la posici\u00f3n ser\u00e1 siempre la defensa de la vida.<\/p>\n\n\n\n<p>En entrevista con Intolerancia Diario, la legisladora se\u00f1al\u00f3 que la Suprema Corte ha se\u00f1alado que el tema debe legislarse, aunque primero debiera atenderse la cuesti\u00f3n federal, ya que es en el C\u00f3digo Penal, donde se encuentra penalizado, y dijo que habr\u00e1 que ver hasta d\u00f3nde est\u00e1n las facultades de los congresos locales.<\/p>\n\n\n\n<p>\u201cEstamos a favor de la vida y no criminalizamos a las mujeres, estamos a favor de ellas para protegerlas, y por ello estamos demandando que haya pol\u00edticas p\u00fablicas que atiendan a fondo el tema, que no s\u00f3lo se abra la posibilidad de que se aborte, sino que se den los pasos para la prevenci\u00f3n\u00bb.<\/p>\n\n\n\n<p>Dijo que desde su punto de vista que no es necesario hacer modificaciones a los art\u00edculos 339, 343 del C\u00f3digo Penal del Estado referente al tema del aborto al asegurar que no existe una criminalizaci\u00f3n hacia las mujeres.<\/p>\n\n\n\n<p>Piden respeto a las instalaciones<br>Por su parte, el presidente del Congreso, Eduardo Castillo, consider\u00f3 que los colectivos feministas est\u00e1n en su derecho de protestar y reclamar la despenalizaci\u00f3n del aborto en Puebla, pero recalc\u00f3 que deben ser respetuosos de los inmuebles p\u00fablicos e hist\u00f3ricos.<\/p>\n\n\n\n<p>Dijo que estas movilizaciones se deben desarrollar dentro del marco del respeto y evitar en todo momento que se realicen actos vand\u00e1licos que da\u00f1en el patrimonio hist\u00f3rico e insisti\u00f3 que el Congreso de Puebla est\u00e1 abierto al debate.<\/p>\n","protected":false},"excerpt":{"rendered":"<p>Al conmemorarse el D\u00eda de Acci\u00f3n Global por la Despenalizaci\u00f3n del Aborto, las bancadas en el Congreso de Puebla volvieron a diferir en torno al tema, una vez que el PAN pide que no haya cambio, y la legisladora del PT, M\u00f3nica Silva demanda el aborto seguro. Ser\u00e1 durante la sesi\u00f3n ordinaria del pasado viernes, [&hellip;]<\/p>\n","protected":false},"author":4,"featured_media":34219,"comment_status":"open","ping_status":"open","sticky":false,"template":"","format":"standard","meta":{"om_disable_all_campaigns":false,"_monsterinsights_skip_tracking":false,"_monsterinsights_sitenote_active":false,"_monsterinsights_sitenote_note":"","_monsterinsights_sitenote_category":0,"footnotes":""},"categories":[175],"tags":[195,223],"class_list":["post-34218","post","type-post","status-publish","format-standard","has-post-thumbnail","hentry","category-local","tag-principal","tag-puebla"],"amp_enabled":true,"_links":{"self":[{"href":"https:\/\/lahora.mx\/index.php\/wp-json\/wp\/v2\/posts\/34218","targetHints":{"allow":["GET"]}}],"collection":[{"href":"https:\/\/lahora.mx\/index.php\/wp-json\/wp\/v2\/posts"}],"about":[{"href":"https:\/\/lahora.mx\/index.php\/wp-json\/wp\/v2\/types\/post"}],"author":[{"embeddable":true,"href":"https:\/\/lahora.mx\/index.php\/wp-json\/wp\/v2\/users\/4"}],"replies":[{"embeddable":true,"href":"https:\/\/lahora.mx\/index.php\/wp-json\/wp\/v2\/comments?post=34218"}],"version-history":[{"count":1,"href":"https:\/\/lahora.mx\/index.php\/wp-json\/wp\/v2\/posts\/34218\/revisions"}],"predecessor-version":[{"id":34220,"href":"https:\/\/lahora.mx\/index.php\/wp-json\/wp\/v2\/posts\/34218\/revisions\/34220"}],"wp:featuredmedia":[{"embeddable":true,"href":"https:\/\/lahora.mx\/index.php\/wp-json\/wp\/v2\/media\/34219"}],"wp:attachment":[{"href":"https:\/\/lahora.mx\/index.php\/wp-json\/wp\/v2\/media?parent=34218"}],"wp:term":[{"taxonomy":"category","embeddable":true,"href":"https:\/\/lahora.mx\/index.php\/wp-json\/wp\/v2\/categories?post=34218"},{"taxonomy":"post_tag","embeddable":true,"href":"https:\/\/lahora.mx\/index.php\/wp-json\/wp\/v2\/tags?post=34218"}],"curies":[{"name":"wp","href":"https:\/\/api.w.org\/{rel}","templated":true}]}}