{"id":34215,"date":"2023-09-27T22:52:10","date_gmt":"2023-09-27T22:52:10","guid":{"rendered":"http:\/\/lahora.mx\/?p=34215"},"modified":"2023-09-28T23:03:50","modified_gmt":"2023-09-28T23:03:50","slug":"vamos-a-recuperar-la-laguna-de-acuitlapilco-afirma-la-gobernadora-lorena-cuellar","status":"publish","type":"post","link":"https:\/\/lahora.mx\/index.php\/2023\/09\/27\/vamos-a-recuperar-la-laguna-de-acuitlapilco-afirma-la-gobernadora-lorena-cuellar\/","title":{"rendered":"Vamos a recuperar la laguna de Acuitlapilco, afirma la gobernadora Lorena Cu\u00e9llar"},"content":{"rendered":"\n<p>En la ribera de este cuerpo de agua y ante integrantes de la Uni\u00f3n de Pueblos, Comunidades y Organizaciones por la Laguna y la Vida (UPCO-LV), la mandataria estatal se\u00f1al\u00f3 que por primera vez se da atenci\u00f3n por parte de una administraci\u00f3n a un problema de a\u00f1os.<\/p>\n\n\n\n<p>Cu\u00e9llar Cisneros coment\u00f3 que tendr\u00e1n que trabajar en solidaridad, escuchar con atenci\u00f3n y seguir alcanzando acuerdos para incrementar los resultados de rescate de este espacio.<\/p>\n\n\n\n<p>Muchas enfermedades en Tlaxcala tienen que ver con el r\u00edo Zahuapan: L\u00f3pez Obrador<br>Reconoci\u00f3 que han sido muchos a\u00f1os de trabajo y de lucha, de encontrar puertas cerradas y que hoy por primera vez est\u00e1n tomando acciones concretas y de cuidado de este cuerpo de agua.<\/p>\n\n\n\n<p>Seguir\u00e1n contando con mi gobierno y no ser\u00e1 la primera vez que los empresarios nos acompa\u00f1en, pues cada d\u00eda seremos m\u00e1s a los que nos interese recuperar Xochitototla, porque la laguna muchos a\u00f1os tuvo la necesidad de que la voltearan a ver<br>, extern\u00f3.<\/p>\n\n\n\n<p>En tanto, el representante de la UPCO-LV, Raymundo Serrano Gonz\u00e1lez, resalt\u00f3 el inter\u00e9s que ha existido en la primera etapa de desazolve del vaso lacustre llamado \u201cXochitototla\u201d, mejor conocido como la Laguna de Acuitlapilco.<\/p>\n\n\n\n<p>A\u00d1OS SIN ACCIONES CONCRETAS DE RECUPERACI\u00d3N<br>Serrano Gonz\u00e1lez sostuvo que la laguna cuenta con importancia natural, social, cultural, econ\u00f3mica e hist\u00f3rica con un profundo arraigo y sentido de pertenencia, pues los registros se\u00f1alan que existe desde el siglo XVI.<\/p>\n\n\n\n<p>No obstante, aclar\u00f3 que \u00e9sta es la primera ocasi\u00f3n en la que existen acciones concretas y de apoyo por parte de los gobiernos para su recuperaci\u00f3n, pues en administraciones pasadas fue evidente la falta de inter\u00e9s y compromiso para su rescate.<\/p>\n\n\n\n<p>Refiri\u00f3 que existen diversos antecedentes de trabajo en rescate a la laguna, como es el caso de los vecinos de Santa Isabel Xiloxoxtla que, en el a\u00f1o 2012, desazolvaron la mayor\u00eda de barrancas de la zona para direccionar el agua para el cuerpo lacustre.<\/p>\n\n\n\n<p>Y posteriormente, acciones de diversas acciones por parte de la cooperativa de pesca para el desazolve y delimitaci\u00f3n, as\u00ed como las acciones de rescate emprendidas por la Asociaci\u00f3n Patos Verdes, desde 2018.<\/p>\n\n\n\n<p>SANEAMIENTO DE LA LAGUNA, el SIGUIENTE PASO<br>El director local de la Comisi\u00f3n Nacional del Agua, Pedro Misael Albornoz G\u00f3ngora, adelant\u00f3 que los trabajos no concluyen con la delimitaci\u00f3n y desazolve de m\u00e1s de cinco kil\u00f3metros de la ribera, sino tendr\u00e1n que enfocarse en el saneamiento de este espacio natural.<\/p>\n\n\n\n<p>Explic\u00f3 que falta el saneamiento del agua que concentra el tratamiento especializado para revertir la contaminaci\u00f3n, desazolve de barrancas, el ordenamiento territorial, trabajo que especific\u00f3 est\u00e1n procurando.<\/p>\n\n\n\n<p>Mientras que la presidenta de la Comisi\u00f3n de Medio Ambiente y Recursos Naturales del Congreso del Estado, Marcela Gonz\u00e1lez Castillo, dijo que seguir\u00e1n atendiendo las demandas de recuperaci\u00f3n de la laguna a trav\u00e9s del di\u00e1logo y las gestiones necesarias.<\/p>\n\n\n\n<p>RECUPERACI\u00d3N NO ES TAREA F\u00c1CIL: DAVID GUERRERO<br>El comisionado estatal de Agua y Saneamiento, David Guerrero Tapia, coment\u00f3 que la recuperaci\u00f3n de una de las lagunas m\u00e1s emblem\u00e1ticas de Tlaxcala, no ha sido tarea f\u00e1cil.<\/p>\n\n\n\n<p>Al referir que los antecedentes de intervenci\u00f3n se reflejan en \u201cuna historia de abandono, de desconfianza al sector gobierno y para recuperar esa confianza no ha sido tampoco sencillo\u201d.<\/p>\n\n\n\n<p>Record\u00f3 que cuando el gobierno decidi\u00f3 intervenir las organizaciones manifestaron de forma en\u00e9rgica y contundente acciones concretas y de largo alcance. Para esto, asegur\u00f3 que han generado una pol\u00edtica p\u00fablica que toma en cuenta a la comunidad, debido a que restan algunos pasos para integrar proyectos de dif\u00edcil ejecuci\u00f3n para una recuperaci\u00f3n total.<\/p>\n\n\n\n<p>A las acciones de rescate se sumaron la Comisi\u00f3n Nacional de Aguas, la Secretar\u00eda de Medio Ambiente, la Secretar\u00eda de Infraestructura, la Comisi\u00f3n Estatal de Aguas y Saneamiento, la Asociaci\u00f3n de Empresas y Empresarios, el Congreso del Estado.<\/p>\n\n\n\n<p>Con maquinaria especializada efectuaron desazolve y delimitaci\u00f3n de la laguna a lo largo de cinco kil\u00f3metros.<\/p>\n","protected":false},"excerpt":{"rendered":"<p>En la ribera de este cuerpo de agua y ante integrantes de la Uni\u00f3n de Pueblos, Comunidades y Organizaciones por la Laguna y la Vida (UPCO-LV), la mandataria estatal se\u00f1al\u00f3 que por primera vez se da atenci\u00f3n por parte de una administraci\u00f3n a un problema de a\u00f1os. Cu\u00e9llar Cisneros coment\u00f3 que tendr\u00e1n que trabajar en [&hellip;]<\/p>\n","protected":false},"author":4,"featured_media":34216,"comment_status":"open","ping_status":"open","sticky":false,"template":"","format":"standard","meta":{"om_disable_all_campaigns":false,"_monsterinsights_skip_tracking":false,"_monsterinsights_sitenote_active":false,"_monsterinsights_sitenote_note":"","_monsterinsights_sitenote_category":0,"footnotes":""},"categories":[175],"tags":[223,210],"class_list":["post-34215","post","type-post","status-publish","format-standard","has-post-thumbnail","hentry","category-local","tag-puebla","tag-tlaxcala"],"amp_enabled":true,"_links":{"self":[{"href":"https:\/\/lahora.mx\/index.php\/wp-json\/wp\/v2\/posts\/34215","targetHints":{"allow":["GET"]}}],"collection":[{"href":"https:\/\/lahora.mx\/index.php\/wp-json\/wp\/v2\/posts"}],"about":[{"href":"https:\/\/lahora.mx\/index.php\/wp-json\/wp\/v2\/types\/post"}],"author":[{"embeddable":true,"href":"https:\/\/lahora.mx\/index.php\/wp-json\/wp\/v2\/users\/4"}],"replies":[{"embeddable":true,"href":"https:\/\/lahora.mx\/index.php\/wp-json\/wp\/v2\/comments?post=34215"}],"version-history":[{"count":1,"href":"https:\/\/lahora.mx\/index.php\/wp-json\/wp\/v2\/posts\/34215\/revisions"}],"predecessor-version":[{"id":34217,"href":"https:\/\/lahora.mx\/index.php\/wp-json\/wp\/v2\/posts\/34215\/revisions\/34217"}],"wp:featuredmedia":[{"embeddable":true,"href":"https:\/\/lahora.mx\/index.php\/wp-json\/wp\/v2\/media\/34216"}],"wp:attachment":[{"href":"https:\/\/lahora.mx\/index.php\/wp-json\/wp\/v2\/media?parent=34215"}],"wp:term":[{"taxonomy":"category","embeddable":true,"href":"https:\/\/lahora.mx\/index.php\/wp-json\/wp\/v2\/categories?post=34215"},{"taxonomy":"post_tag","embeddable":true,"href":"https:\/\/lahora.mx\/index.php\/wp-json\/wp\/v2\/tags?post=34215"}],"curies":[{"name":"wp","href":"https:\/\/api.w.org\/{rel}","templated":true}]}}