{"id":34206,"date":"2023-09-28T22:44:00","date_gmt":"2023-09-28T22:44:00","guid":{"rendered":"http:\/\/lahora.mx\/?p=34206"},"modified":"2023-09-28T22:44:00","modified_gmt":"2023-09-28T22:44:00","slug":"centros-de-salud-en-puebla-tendran-protocolo-de-atencion-agil-en-casos-de-aborto-legal","status":"publish","type":"post","link":"https:\/\/lahora.mx\/index.php\/2023\/09\/28\/centros-de-salud-en-puebla-tendran-protocolo-de-atencion-agil-en-casos-de-aborto-legal\/","title":{"rendered":"Centros de salud en Puebla tendr\u00e1n protocolo de atenci\u00f3n agil en casos de aborto legal"},"content":{"rendered":"\n<p>Los centros de salud p\u00fablica en Puebla contar\u00e1n con un protocolo para atender con mayor agilidad los casos de aborto legal, pues en muchas ocasiones a las mujeres y personas gestantes se les presentan muchas trabas burocr\u00e1ticas, reconoci\u00f3 el titular de la Secretar\u00eda de Gobernaci\u00f3n (Segob) estatal, Javier Aquino Lim\u00f3n.<\/p>\n\n\n\n<p>En entrevista con medios de comunicaci\u00f3n, el funcionario poblano dio a conocer que el sistema de salud p\u00fablica en la entidad debe atender con mayor rapidez y sensibilidad a quienes soliciten el servicio de aborto.<\/p>\n\n\n\n<p>El secretario manifest\u00f3 que este fue el acuerdo al que lleg\u00f3 esta ma\u00f1ana con integrantes de diversas colectivas en la entidad que velan por los derechos humanos y reproductivos de mujeres y personas gestantes en el estado.<\/p>\n\n\n\n<p>Despenalizaci\u00f3n del aborto, pendiente del Congreso por falta de consenso y voluntad pol\u00edtica<br>\u201cEstamos tratando de estructurar el hecho de que los servicios de salud del estado puedan brindar este servicio, siempre y cuando que quien lo requiera lo haga de manera adecuada para cumplir con esos procedimientos\u201d, comparti\u00f3.<\/p>\n\n\n\n<p>Aquino Lim\u00f3n hizo hincapi\u00e9 en que la intenci\u00f3n de la Segob es que los casos contemplados por la ley como causales libres de sanci\u00f3n sean atendidos con mayor agilidad.<\/p>\n\n\n\n<p>\u201cCuando hay alguna causa de fuerza mayor, donde la persona solicite la intervenci\u00f3n de salud, hay mecanismos para poderlo hacer, es lo que estamos viendo, que se estructure de manera adecuada y no se complique en la pr\u00e1ctica (\u2026) Se da, pero no de manera adecuada, a veces, nos comentan, es complejo\u201d, resalt\u00f3 Aquino Lim\u00f3n.<\/p>\n\n\n\n<p>En otras palabras, el gobierno del estado no busca involucrarse en el debate sobre la despenalizaci\u00f3n del aborto, sino que pretende brindar herramientas para que aquellos casos contemplados en la ley sean atendidos de forma responsable y sin trabas.<\/p>\n\n\n\n<p>De hecho, Aquino Lim\u00f3n sostuvo que la responsabilidad de despenalizar el aborto es del Congreso local y no del gobierno del estado.<\/p>\n\n\n\n<p>No obstante, el funcionario coment\u00f3 que, a nivel nacional, la Suprema Corte de Justicia de la Naci\u00f3n (SCJN) declar\u00f3 inconstitucional los art\u00edculos del C\u00f3digo Penal Federal que sancionan el aborto, por lo que instituciones como el Instituto Mexicano del Seguro Social (IMSS) o el Instituto de Seguridad y Servicios Sociales de los Trabajadores del Estado (ISSSTE), pueden realizar estos procedimientos sin ser sancionados.<\/p>\n\n\n\n<p>Finalmente, no hay que olvidar que el C\u00f3digo Penal estatal establece, en su art\u00edculo 343, los contextos en los que el aborto no es sancionable. Dichos escenarios son, \u201ccuando sea causado s\u00f3lo por imprudencia de la mujer embarazada\u201d, cuando el resultado sea producto de una violaci\u00f3n, cuando la vida de la mujer corra peligro y cuando el aborto se deba a causas eugen\u00e9sicas graves.<\/p>\n","protected":false},"excerpt":{"rendered":"<p>Los centros de salud p\u00fablica en Puebla contar\u00e1n con un protocolo para atender con mayor agilidad los casos de aborto legal, pues en muchas ocasiones a las mujeres y personas gestantes se les presentan muchas trabas burocr\u00e1ticas, reconoci\u00f3 el titular de la Secretar\u00eda de Gobernaci\u00f3n (Segob) estatal, Javier Aquino Lim\u00f3n. En entrevista con medios de [&hellip;]<\/p>\n","protected":false},"author":4,"featured_media":34207,"comment_status":"open","ping_status":"open","sticky":false,"template":"","format":"standard","meta":{"om_disable_all_campaigns":false,"_monsterinsights_skip_tracking":false,"_monsterinsights_sitenote_active":false,"_monsterinsights_sitenote_note":"","_monsterinsights_sitenote_category":0,"footnotes":""},"categories":[175],"tags":[223],"class_list":["post-34206","post","type-post","status-publish","format-standard","has-post-thumbnail","hentry","category-local","tag-puebla"],"amp_enabled":true,"_links":{"self":[{"href":"https:\/\/lahora.mx\/index.php\/wp-json\/wp\/v2\/posts\/34206","targetHints":{"allow":["GET"]}}],"collection":[{"href":"https:\/\/lahora.mx\/index.php\/wp-json\/wp\/v2\/posts"}],"about":[{"href":"https:\/\/lahora.mx\/index.php\/wp-json\/wp\/v2\/types\/post"}],"author":[{"embeddable":true,"href":"https:\/\/lahora.mx\/index.php\/wp-json\/wp\/v2\/users\/4"}],"replies":[{"embeddable":true,"href":"https:\/\/lahora.mx\/index.php\/wp-json\/wp\/v2\/comments?post=34206"}],"version-history":[{"count":1,"href":"https:\/\/lahora.mx\/index.php\/wp-json\/wp\/v2\/posts\/34206\/revisions"}],"predecessor-version":[{"id":34208,"href":"https:\/\/lahora.mx\/index.php\/wp-json\/wp\/v2\/posts\/34206\/revisions\/34208"}],"wp:featuredmedia":[{"embeddable":true,"href":"https:\/\/lahora.mx\/index.php\/wp-json\/wp\/v2\/media\/34207"}],"wp:attachment":[{"href":"https:\/\/lahora.mx\/index.php\/wp-json\/wp\/v2\/media?parent=34206"}],"wp:term":[{"taxonomy":"category","embeddable":true,"href":"https:\/\/lahora.mx\/index.php\/wp-json\/wp\/v2\/categories?post=34206"},{"taxonomy":"post_tag","embeddable":true,"href":"https:\/\/lahora.mx\/index.php\/wp-json\/wp\/v2\/tags?post=34206"}],"curies":[{"name":"wp","href":"https:\/\/api.w.org\/{rel}","templated":true}]}}