{"id":34039,"date":"2023-09-27T00:02:44","date_gmt":"2023-09-27T00:02:44","guid":{"rendered":"http:\/\/lahora.mx\/?p=34039"},"modified":"2023-09-27T00:02:45","modified_gmt":"2023-09-27T00:02:45","slug":"informe-sobre-caso-ayotzinapa-senala-confusion-de-guerreros-unidos-escarmiento-a-estudiantes-y-trasiego-de-drogas","status":"publish","type":"post","link":"https:\/\/lahora.mx\/index.php\/2023\/09\/27\/informe-sobre-caso-ayotzinapa-senala-confusion-de-guerreros-unidos-escarmiento-a-estudiantes-y-trasiego-de-drogas\/","title":{"rendered":"Informe sobre caso Ayotzinapa se\u00f1ala \u201cconfusi\u00f3n\u201d de Guerreros Unidos, escarmiento a estudiantes y trasiego de drogas"},"content":{"rendered":"\n<p>Al cumplirse 9 a\u00f1os del Caso Ayotzinapa, Presidencia de la Rep\u00fablica hizo p\u00fablica la narrativa de los hechos, de acuerdo con la investigaci\u00f3n realizada por el gobierno federal y la Fiscal\u00eda Especial que ayer fue entregada a las madres y padres de los 43 j\u00f3venes desaparecidos, pero que no fue recibida por ellos al acusar que se acerca m\u00e1s a la llamada \u201cVerdad Hist\u00f3rica\u201d.<br>En el documento se se\u00f1ala que se han identificado tres causales de la desaparici\u00f3n de los 43 j\u00f3venes normalistas de Ayotzinapa: Confusi\u00f3n de los Guerreros Unidos respecto a la presunta infiltraci\u00f3n de \u201cLos Rojos\u201d entre los estudiantes en la disputa por la plaza de Iguala; intenci\u00f3n de un escarmiento a los estudiantes en un contexto de amenazas por parte del alcalde Jos\u00e9 Luis Abarca y Guerreros Unidos, tras las protestas y destrozos al palacio municipal de Iguala, por la desaparici\u00f3n y asesinato de los dirigentes sociales Arturo Hern\u00e1ndez Cardona, \u00c1ngel Rom\u00e1n Ram\u00edrez y F\u00e9lix Rafael Bandera; y el trasiego de drogas y la eventual presencia de drogas, armas o dinero en alguno de los autobuses tomados.<\/p>\n\n\n\n<p>\u201cDe acuerdo con la informaci\u00f3n hasta aqu\u00ed presentada y la investigaci\u00f3n realizada en coadyuvante con la titular de la Unidad Especial de Investigaci\u00f3n y Litigaci\u00f3n para el caso Ayotzinapa se pueden establecer tres causales que motivaron la desaparici\u00f3n de los estudiantes:<\/p>\n\n\n\n<p>1.- Confusi\u00f3n de los Guerreros Unidos respecto a la presunta infiltraci\u00f3n de \u201cLos Rojos\u201d entre los estudiantes de Ayotzinapa, en el contexto de la disputa por la plaza de la regi\u00f3n de Iguala.<\/p>\n\n\n\n<p>2.- La intenci\u00f3n de dar un escarmiento a los estudiantes en un contexto de amenazas por parte del alcalde Jos\u00e9 Luis Abarca y Guerreros Unidos, tras las protestas y destrozos al palacio municipal de Iguala, por la desaparici\u00f3n y asesinato de los dirigentes sociales Arturo Hern\u00e1ndez Cardona, \u00e1ngel Rom\u00e1n Ram\u00edrez y F\u00e9lix Rafael Bandera.<\/p>\n\n\n\n<p>3.- El trasiego de drogas y la eventual presencia de drogas, armas o dinero en alguno de los autobuses tomados\u201d.<\/p>\n\n\n\n<p>El documento destaca que actualmente se encuentran detenidas 132 personas en diversos penales: 41 integrantes de \u201cGuerreros Unidos\u201d; 71 polic\u00edas (cinco federales, tres federales ministeriales, siete estatales, dos de Cocula, nueve de Huitzuco y 45 de Iguala); tres funcionarios de la Fiscal\u00eda General de la Rep\u00fablica (FGR).<\/p>\n\n\n\n<p>Adem\u00e1s se encuentran detenidos, el exsecretario de Seguridad Estatal de Guerrero Leonardo Octavio V\u00e1zquez P\u00e9rez; el expresidente Municipal de Iguala, Jos\u00e9 Luis Abarca; la expresidenta del DIF de Iguala, Mar\u00eda de los \u00c1ngeles Pineda Villa, y 14 elementos de la Secretar\u00eda de la Defensa Nacional (Sedena).<\/p>\n","protected":false},"excerpt":{"rendered":"<p>Al cumplirse 9 a\u00f1os del Caso Ayotzinapa, Presidencia de la Rep\u00fablica hizo p\u00fablica la narrativa de los hechos, de acuerdo con la investigaci\u00f3n realizada por el gobierno federal y la Fiscal\u00eda Especial que ayer fue entregada a las madres y padres de los 43 j\u00f3venes desaparecidos, pero que no fue recibida por ellos al acusar [&hellip;]<\/p>\n","protected":false},"author":4,"featured_media":34041,"comment_status":"open","ping_status":"open","sticky":false,"template":"","format":"standard","meta":{"om_disable_all_campaigns":false,"_monsterinsights_skip_tracking":false,"_monsterinsights_sitenote_active":false,"_monsterinsights_sitenote_note":"","_monsterinsights_sitenote_category":0,"footnotes":""},"categories":[175,176],"tags":[195,223],"class_list":["post-34039","post","type-post","status-publish","format-standard","has-post-thumbnail","hentry","category-local","category-nacional","tag-principal","tag-puebla"],"amp_enabled":true,"_links":{"self":[{"href":"https:\/\/lahora.mx\/index.php\/wp-json\/wp\/v2\/posts\/34039","targetHints":{"allow":["GET"]}}],"collection":[{"href":"https:\/\/lahora.mx\/index.php\/wp-json\/wp\/v2\/posts"}],"about":[{"href":"https:\/\/lahora.mx\/index.php\/wp-json\/wp\/v2\/types\/post"}],"author":[{"embeddable":true,"href":"https:\/\/lahora.mx\/index.php\/wp-json\/wp\/v2\/users\/4"}],"replies":[{"embeddable":true,"href":"https:\/\/lahora.mx\/index.php\/wp-json\/wp\/v2\/comments?post=34039"}],"version-history":[{"count":1,"href":"https:\/\/lahora.mx\/index.php\/wp-json\/wp\/v2\/posts\/34039\/revisions"}],"predecessor-version":[{"id":34042,"href":"https:\/\/lahora.mx\/index.php\/wp-json\/wp\/v2\/posts\/34039\/revisions\/34042"}],"wp:featuredmedia":[{"embeddable":true,"href":"https:\/\/lahora.mx\/index.php\/wp-json\/wp\/v2\/media\/34041"}],"wp:attachment":[{"href":"https:\/\/lahora.mx\/index.php\/wp-json\/wp\/v2\/media?parent=34039"}],"wp:term":[{"taxonomy":"category","embeddable":true,"href":"https:\/\/lahora.mx\/index.php\/wp-json\/wp\/v2\/categories?post=34039"},{"taxonomy":"post_tag","embeddable":true,"href":"https:\/\/lahora.mx\/index.php\/wp-json\/wp\/v2\/tags?post=34039"}],"curies":[{"name":"wp","href":"https:\/\/api.w.org\/{rel}","templated":true}]}}