{"id":34036,"date":"2023-09-26T23:38:59","date_gmt":"2023-09-26T23:38:59","guid":{"rendered":"http:\/\/lahora.mx\/?p=34036"},"modified":"2023-09-26T23:39:00","modified_gmt":"2023-09-26T23:39:00","slug":"inaugura-la-gobernadora-lorena-cuellar-centro-de-preparacion-vehicular-mercedes-benz","status":"publish","type":"post","link":"https:\/\/lahora.mx\/index.php\/2023\/09\/26\/inaugura-la-gobernadora-lorena-cuellar-centro-de-preparacion-vehicular-mercedes-benz\/","title":{"rendered":"Inaugura la Gobernadora  Lorena Cu\u00e9llar centro de preparaci\u00f3n vehicular Mercedes\u2013Benz"},"content":{"rendered":"\n<p>La gobernadora Lorena Cu\u00e9llar Cisneros encabez\u00f3 la inauguraci\u00f3n del Centro de Preparaci\u00f3n Vehicular (VPC) Mercedes\u2013Benz, ubicado en el municipio de Cuapiaxtla, donde se realizar\u00e1 la inspecci\u00f3n y adecuada preparaci\u00f3n previo a la venta.<\/p>\n\n\n\n<p>Con la operaci\u00f3n de dichas instalaciones que tuvo una inversi\u00f3n privada superior a 100 millones de pesos, la empresa tendr\u00e1 una capacidad de recepci\u00f3n y distribuci\u00f3n de mil 667 autom\u00f3viles.<\/p>\n\n\n\n<p>Cue\u0301llar Cisneros reconoci\u00f3 el compromiso de los propietarios de la compa\u00f1\u00eda con la movilidad y medio ambiente, aunado a que \u201ctambi\u00e9n tienen un gran compromiso con la sociedad, ya que de diferentes maneras buscan apoyar y favorecer el crecimiento en todos los sectores\u201d.<\/p>\n\n\n\n<p>Precis\u00f3 que actualmente se han generado 48 empleos directos, de los cuales 42 son hombres y seis mujeres; sin embargo, se estima una creaci\u00f3n de m\u00e1s de 80 empleos para la fase final.<\/p>\n\n\n\n<p>\u201cNo se equivocaron al elegir a Tlaxcala como la mejor opci\u00f3n para instalar este centro, porque aqu\u00ed encontrar\u00e1n grandes atributos como la mano de obra, as\u00ed como escenarios de paz y tranquilidad al ser el estado m\u00e1s seguro del pa\u00eds; adem\u00e1s de nuestras condiciones privilegiadas de movilidad y conexi\u00f3n carretera con diversos estados\u201d, expuso la mandataria estatal.<\/p>\n\n\n\n<p>Antes, el titular de la Secretar\u00eda de Desarrollo Econ\u00f3mico (Sedeco), Javier Marroqu\u00edn Calder\u00f3n destac\u00f3 que el VPC es el primero en todo el pa\u00eds y que dicho logro se debe al trabajo coordinado entre gobierno y la iniciativa privada.<\/p>\n\n\n\n<p>Afirm\u00f3 que \u201cel trabajo en equipo es clave porque podemos hacer grandes cosas entre la iniciativa privada y el sector p\u00fablico, as\u00ed es como vamos a poder dar m\u00e1s y mejores resultados, podremos seguir escribiendo una nueva historia por Tlaxcala\u201d.<\/p>\n\n\n\n<p>Marroqu\u00edn Calder\u00f3n se\u00f1al\u00f3 que uno de los principales factores para atraer inversiones a la entidad es la seguridad, pues se ha ubicado en 13 ocasiones como la m\u00e1s segura a nivel nacional.<\/p>\n\n\n\n<p>Durante su intervenci\u00f3n, el director financiero de Mercedes\u2013Benz M\u00e9xico, Stefan Wensel detall\u00f3 que el centro desempe\u00f1ar\u00e1 un papel fundamental en la preparaci\u00f3n y personalizaci\u00f3n de los veh\u00edculos de alta gama y se llevar\u00e1n a cabo procesos de inspecci\u00f3n, adaptaci\u00f3n y mejora para que se cumplan los est\u00e1ndares de calidad m\u00e1s altos.<\/p>\n\n\n\n<p>Agreg\u00f3 que Tlaxcala cuenta con los m\u00e1s altos est\u00e1ndares de la empresa, tanto en instalaciones como procesos y sistemas, al hacer uso de la mejor tecnolog\u00eda en el manejo de los centros de preparaci\u00f3n y distribuci\u00f3n, al tiempo que se\u00f1al\u00f3 que la ubicaci\u00f3n estrat\u00e9gica del estado trae consigo eficiencias log\u00edsticas.<\/p>\n\n\n\n<p>Al finalizar el acto, en compa\u00f1\u00eda del director de Ventas de Mercedes\u2013Benz M\u00e9xico, Frank Steinacher y el presidente municipal, Antonio Romero Rodr\u00edguez, realizaron un recorrido y el corte de list\u00f3n.<\/p>\n","protected":false},"excerpt":{"rendered":"<p>La gobernadora Lorena Cu\u00e9llar Cisneros encabez\u00f3 la inauguraci\u00f3n del Centro de Preparaci\u00f3n Vehicular (VPC) Mercedes\u2013Benz, ubicado en el municipio de Cuapiaxtla, donde se realizar\u00e1 la inspecci\u00f3n y adecuada preparaci\u00f3n previo a la venta. Con la operaci\u00f3n de dichas instalaciones que tuvo una inversi\u00f3n privada superior a 100 millones de pesos, la empresa tendr\u00e1 una capacidad [&hellip;]<\/p>\n","protected":false},"author":4,"featured_media":34037,"comment_status":"open","ping_status":"open","sticky":false,"template":"","format":"standard","meta":{"om_disable_all_campaigns":false,"_monsterinsights_skip_tracking":false,"_monsterinsights_sitenote_active":false,"_monsterinsights_sitenote_note":"","_monsterinsights_sitenote_category":0,"footnotes":""},"categories":[175],"tags":[223,210],"class_list":["post-34036","post","type-post","status-publish","format-standard","has-post-thumbnail","hentry","category-local","tag-puebla","tag-tlaxcala"],"amp_enabled":true,"_links":{"self":[{"href":"https:\/\/lahora.mx\/index.php\/wp-json\/wp\/v2\/posts\/34036","targetHints":{"allow":["GET"]}}],"collection":[{"href":"https:\/\/lahora.mx\/index.php\/wp-json\/wp\/v2\/posts"}],"about":[{"href":"https:\/\/lahora.mx\/index.php\/wp-json\/wp\/v2\/types\/post"}],"author":[{"embeddable":true,"href":"https:\/\/lahora.mx\/index.php\/wp-json\/wp\/v2\/users\/4"}],"replies":[{"embeddable":true,"href":"https:\/\/lahora.mx\/index.php\/wp-json\/wp\/v2\/comments?post=34036"}],"version-history":[{"count":1,"href":"https:\/\/lahora.mx\/index.php\/wp-json\/wp\/v2\/posts\/34036\/revisions"}],"predecessor-version":[{"id":34038,"href":"https:\/\/lahora.mx\/index.php\/wp-json\/wp\/v2\/posts\/34036\/revisions\/34038"}],"wp:featuredmedia":[{"embeddable":true,"href":"https:\/\/lahora.mx\/index.php\/wp-json\/wp\/v2\/media\/34037"}],"wp:attachment":[{"href":"https:\/\/lahora.mx\/index.php\/wp-json\/wp\/v2\/media?parent=34036"}],"wp:term":[{"taxonomy":"category","embeddable":true,"href":"https:\/\/lahora.mx\/index.php\/wp-json\/wp\/v2\/categories?post=34036"},{"taxonomy":"post_tag","embeddable":true,"href":"https:\/\/lahora.mx\/index.php\/wp-json\/wp\/v2\/tags?post=34036"}],"curies":[{"name":"wp","href":"https:\/\/api.w.org\/{rel}","templated":true}]}}