{"id":34006,"date":"2023-09-26T16:53:08","date_gmt":"2023-09-26T16:53:08","guid":{"rendered":"http:\/\/lahora.mx\/?p=34006"},"modified":"2023-09-26T16:53:09","modified_gmt":"2023-09-26T16:53:09","slug":"regresa-sheinbaum-a-puebla-este-30-de-septiembre","status":"publish","type":"post","link":"https:\/\/lahora.mx\/index.php\/2023\/09\/26\/regresa-sheinbaum-a-puebla-este-30-de-septiembre\/","title":{"rendered":"Regresa Sheinbaum a Puebla, este 30 de septiembre"},"content":{"rendered":"\n<p>La coordinadora nacional de los Comit\u00e9s de Defensa de la Cuarta Transformaci\u00f3n, Claudia Sheinbaum Pardo, visitar\u00e1 Puebla el pr\u00f3ximo s\u00e1bado 30 de septiembre, dos d\u00edas despu\u00e9s de que el Consejo Estatal elija a las cuatro personas que se medir\u00e1n en la encuesta interna de Morena.<\/p>\n\n\n\n<p>As\u00ed lo confirm\u00f3 en redes sociales su coordinador de proyecto y aspirante a la gubernatura de Puebla, Julio Miguel Huerta G\u00f3mez, quien se\u00f1al\u00f3 que tendr\u00e1 actividades \u00aba favor de la unidad\u00bb en la capital del estado.<\/p>\n\n\n\n<p>\u00abTendr\u00e1 actividades en la capital del estado y por supuesto ser\u00e1 en grande y en favor de la unidad. En las pr\u00f3ximas horas les informar\u00e9 m\u00e1s detalles\u00bb, comparti\u00f3 el exfuncionario estatal en su cuenta de X.<\/p>\n\n\n\n<p>De acuerdo con su equipo, se espera que la virtual candidata a la Presidencia de la Rep\u00fablica por la coalici\u00f3n Juntos Hacemos Historia, conformada por Morena, el Partido del Trabajo (PT) y el Verde Ecologista de M\u00e9xico (PVEM) presida dos reuniones multitudinarias.<\/p>\n\n\n\n<p>En ellos, buscar\u00e1 promover los avances que ha logrado el presidente Andr\u00e9s Manuel L\u00f3pez Obrador durante los cinco a\u00f1os que lleva en el poder; adem\u00e1s, dar\u00e1 un mensaje de reconciliaci\u00f3n tras la definici\u00f3n de los cuadros poblanos que ir\u00e1n por la gubernatura de Puebla en 2024.<\/p>\n\n\n\n<p>El Consejo Estatal de Morena sesionar\u00e1 el pr\u00f3ximo jueves 28 de septiembre para elegir a los cuatro perfiles, dos hombres y dos mujeres, que ser\u00e1n medidos de forma interna a fin de designar a la persona que coordinar\u00e1 la Defensa de la Cuarta Transformaci\u00f3n en Puebla.<\/p>\n\n\n\n<p>La sesi\u00f3n se realizar\u00e1 de forma presencial y comenzar\u00e1 a las 18:00 horas. La cita ser\u00e1 en el Centro Expositor, en la zona hist\u00f3rica de Los Fuertes de Loreto y Guadalupe, ubicado en Avenida Ej\u00e9rcito de Oriente #100, Centro C\u00edvico Cultural 5 de Mayo.<\/p>\n\n\n\n<p>Hasta el momento, 11 aspirantes han realizado su registro en l\u00ednea para participar. En los primeros minutos del 25 de septiembre lo hicieron la exsecretaria de Econom\u00eda, Olivia Salom\u00f3n Vivaldo; el exsecretario de Gobernaci\u00f3n, Julio Huerta G\u00f3mez; la expresidenta municipal de Puebla, Claudia Rivera Vivanco y el senador Alejandro Armenta Mier.<\/p>\n\n\n\n<p>Poco despu\u00e9s lo har\u00edan el coordinador de la fracci\u00f3n de Morena en la C\u00e1mara de Diputados, Ignacio Mier Velazco, y la viuda del exgobernador Miguel Barbosa, Rosario Orozco Caballero.<\/p>\n\n\n\n<p>Por la tarde quedaron inscritos el exsecretario de Educaci\u00f3n, Melit\u00f3n Lozano P\u00e9rez; el exsecretario de Gobernaci\u00f3n y l\u00edder del Movimiento Poblano por la Cuarta Transformaci\u00f3n, David M\u00e9ndez M\u00e1rquez.<\/p>\n\n\n\n<p>Cerca de la medianoche hicieron lo propio el delegado de Programas para el Desarrollo, Rodrigo Abdala Dartigues; el exsecretario de Salud, Jos\u00e9 Antonio Mart\u00ednez Garc\u00eda, y la secretaria de Bienestar, Lizeth S\u00e1nchez Garc\u00eda. (MIG)<\/p>\n","protected":false},"excerpt":{"rendered":"<p>La coordinadora nacional de los Comit\u00e9s de Defensa de la Cuarta Transformaci\u00f3n, Claudia Sheinbaum Pardo, visitar\u00e1 Puebla el pr\u00f3ximo s\u00e1bado 30 de septiembre, dos d\u00edas despu\u00e9s de que el Consejo Estatal elija a las cuatro personas que se medir\u00e1n en la encuesta interna de Morena. As\u00ed lo confirm\u00f3 en redes sociales su coordinador de proyecto [&hellip;]<\/p>\n","protected":false},"author":4,"featured_media":34007,"comment_status":"open","ping_status":"open","sticky":false,"template":"","format":"standard","meta":{"om_disable_all_campaigns":false,"_monsterinsights_skip_tracking":false,"_monsterinsights_sitenote_active":false,"_monsterinsights_sitenote_note":"","_monsterinsights_sitenote_category":0,"footnotes":""},"categories":[175,176,5],"tags":[195,223],"class_list":["post-34006","post","type-post","status-publish","format-standard","has-post-thumbnail","hentry","category-local","category-nacional","category-politica","tag-principal","tag-puebla"],"amp_enabled":true,"_links":{"self":[{"href":"https:\/\/lahora.mx\/index.php\/wp-json\/wp\/v2\/posts\/34006","targetHints":{"allow":["GET"]}}],"collection":[{"href":"https:\/\/lahora.mx\/index.php\/wp-json\/wp\/v2\/posts"}],"about":[{"href":"https:\/\/lahora.mx\/index.php\/wp-json\/wp\/v2\/types\/post"}],"author":[{"embeddable":true,"href":"https:\/\/lahora.mx\/index.php\/wp-json\/wp\/v2\/users\/4"}],"replies":[{"embeddable":true,"href":"https:\/\/lahora.mx\/index.php\/wp-json\/wp\/v2\/comments?post=34006"}],"version-history":[{"count":1,"href":"https:\/\/lahora.mx\/index.php\/wp-json\/wp\/v2\/posts\/34006\/revisions"}],"predecessor-version":[{"id":34008,"href":"https:\/\/lahora.mx\/index.php\/wp-json\/wp\/v2\/posts\/34006\/revisions\/34008"}],"wp:featuredmedia":[{"embeddable":true,"href":"https:\/\/lahora.mx\/index.php\/wp-json\/wp\/v2\/media\/34007"}],"wp:attachment":[{"href":"https:\/\/lahora.mx\/index.php\/wp-json\/wp\/v2\/media?parent=34006"}],"wp:term":[{"taxonomy":"category","embeddable":true,"href":"https:\/\/lahora.mx\/index.php\/wp-json\/wp\/v2\/categories?post=34006"},{"taxonomy":"post_tag","embeddable":true,"href":"https:\/\/lahora.mx\/index.php\/wp-json\/wp\/v2\/tags?post=34006"}],"curies":[{"name":"wp","href":"https:\/\/api.w.org\/{rel}","templated":true}]}}