{"id":33993,"date":"2023-09-24T04:05:47","date_gmt":"2023-09-24T04:05:47","guid":{"rendered":"http:\/\/lahora.mx\/?p=33993"},"modified":"2023-09-26T04:15:12","modified_gmt":"2023-09-26T04:15:12","slug":"encabeza-la-gobernadora-lorena-cuellar-dos-anos-de-una-nueva-historia-en-tlaxcala","status":"publish","type":"post","link":"https:\/\/lahora.mx\/index.php\/2023\/09\/24\/encabeza-la-gobernadora-lorena-cuellar-dos-anos-de-una-nueva-historia-en-tlaxcala\/","title":{"rendered":"Encabeza la gobernadora Lorena Cu\u00e9llar dos a\u00f1os de una nueva historia en Tlaxcala"},"content":{"rendered":"\n<p>En un ambiente de apoyo y respaldo, cientos de ciudadanos tlaxcaltecas acompa\u00f1aron a la mandataria estatal Lorena Cu\u00e9llar Cisneros, al segundo aniversario del inicio de una \u201cNueva historia en Tlaxcala\u201d.<\/p>\n\n\n\n<p>Desde el estadio Tlahuicole, el gabinete, estatal, militantes, simpatizantes y ciudadan\u00eda en general, atestiguaron el informe de actividades y rendici\u00f3n de cuentas que encabez\u00f3 la gobernadora, Lorena Cu\u00e9llar Cisneros, en un primer momento agradeci\u00f3 a la ciudadan\u00eda por el respaldo, apoyo y confianza del trabajo realizado, as\u00ed como de las acciones que ha realizado conjuntamente con los titulares de las dependencias estatales, quienes se encargan diariamente de establecer estrategias y planes de acci\u00f3n a favor de la poblaci\u00f3n.<\/p>\n\n\n\n<p>En su mensaje, la gobernadora destac\u00f3 los importantes avances que se han realizado dentro de su gesti\u00f3n como gobernadora, adem\u00e1s, adelant\u00f3 que el pr\u00f3ximo lunes 25 septiembre despu\u00e9s de siete a\u00f1os de espera se entregar\u00e1n los pagos correspondientes en pensiones civiles.<\/p>\n\n\n\n<p>\u201cResponde tambi\u00e9n a un acto de justicia social para erradicar la corrupci\u00f3n, devolviendo al pueblo el ejercicio de los recursos p\u00fablicos para el bien com\u00fan, y evitando los abusos de unos cuantos garantiz\u00e1ndoles adem\u00e1s, una atenci\u00f3n m\u00e9dica gratuita \u00fanica en el pa\u00eds, pues s\u00f3lo en Tlaxcala se conserva el servicio privado de salud a los trabajadores del estado\u201d, se\u00f1al\u00f3 la titular del ejecutivo estatal.<\/p>\n\n\n\n<p>Finalmente, comparti\u00f3 que que gracias al respaldo del presidente AMLO, el pr\u00f3ximo mes de noviembre se formalizar\u00e1 la basificaci\u00f3n de plazas para el personal de salud, \u201c Gracias a nuestro presidente de M\u00e9xico, Andr\u00e9s Manuel L\u00f3pez Obrador, se basificar\u00e1 a todo el personal del sector salud, dejando atr\u00e1s la incertidumbre laboral de nuestros trabajadores\u201c.<\/p>\n\n\n\n<p>Por \u00faltimo, declar\u00f3 que en lo que resta de su administraci\u00f3n, seguir\u00e1 trabajando a favor de la ciudadan\u00eda con proyectos que impactar\u00e1n a nivel nacional e internacional. Ejemplo de ello, es el mundial de voleibol de playa que iniciar\u00e1 el pr\u00f3ximo cinco de octubre en la entidad tlaxcalteca.<\/p>\n","protected":false},"excerpt":{"rendered":"<p>En un ambiente de apoyo y respaldo, cientos de ciudadanos tlaxcaltecas acompa\u00f1aron a la mandataria estatal Lorena Cu\u00e9llar Cisneros, al segundo aniversario del inicio de una \u201cNueva historia en Tlaxcala\u201d. Desde el estadio Tlahuicole, el gabinete, estatal, militantes, simpatizantes y ciudadan\u00eda en general, atestiguaron el informe de actividades y rendici\u00f3n de cuentas que encabez\u00f3 la [&hellip;]<\/p>\n","protected":false},"author":4,"featured_media":33994,"comment_status":"open","ping_status":"open","sticky":false,"template":"","format":"standard","meta":{"om_disable_all_campaigns":false,"_monsterinsights_skip_tracking":false,"_monsterinsights_sitenote_active":false,"_monsterinsights_sitenote_note":"","_monsterinsights_sitenote_category":0,"footnotes":""},"categories":[175],"tags":[223,210],"class_list":["post-33993","post","type-post","status-publish","format-standard","has-post-thumbnail","hentry","category-local","tag-puebla","tag-tlaxcala"],"amp_enabled":true,"_links":{"self":[{"href":"https:\/\/lahora.mx\/index.php\/wp-json\/wp\/v2\/posts\/33993","targetHints":{"allow":["GET"]}}],"collection":[{"href":"https:\/\/lahora.mx\/index.php\/wp-json\/wp\/v2\/posts"}],"about":[{"href":"https:\/\/lahora.mx\/index.php\/wp-json\/wp\/v2\/types\/post"}],"author":[{"embeddable":true,"href":"https:\/\/lahora.mx\/index.php\/wp-json\/wp\/v2\/users\/4"}],"replies":[{"embeddable":true,"href":"https:\/\/lahora.mx\/index.php\/wp-json\/wp\/v2\/comments?post=33993"}],"version-history":[{"count":1,"href":"https:\/\/lahora.mx\/index.php\/wp-json\/wp\/v2\/posts\/33993\/revisions"}],"predecessor-version":[{"id":33995,"href":"https:\/\/lahora.mx\/index.php\/wp-json\/wp\/v2\/posts\/33993\/revisions\/33995"}],"wp:featuredmedia":[{"embeddable":true,"href":"https:\/\/lahora.mx\/index.php\/wp-json\/wp\/v2\/media\/33994"}],"wp:attachment":[{"href":"https:\/\/lahora.mx\/index.php\/wp-json\/wp\/v2\/media?parent=33993"}],"wp:term":[{"taxonomy":"category","embeddable":true,"href":"https:\/\/lahora.mx\/index.php\/wp-json\/wp\/v2\/categories?post=33993"},{"taxonomy":"post_tag","embeddable":true,"href":"https:\/\/lahora.mx\/index.php\/wp-json\/wp\/v2\/tags?post=33993"}],"curies":[{"name":"wp","href":"https:\/\/api.w.org\/{rel}","templated":true}]}}