{"id":33982,"date":"2023-09-26T00:04:36","date_gmt":"2023-09-26T00:04:36","guid":{"rendered":"http:\/\/lahora.mx\/?p=33982"},"modified":"2023-09-26T00:04:37","modified_gmt":"2023-09-26T00:04:37","slug":"dan-certeza-juridica-a-41-pensionados-y-jubilados-tlaxcaltecas","status":"publish","type":"post","link":"https:\/\/lahora.mx\/index.php\/2023\/09\/26\/dan-certeza-juridica-a-41-pensionados-y-jubilados-tlaxcaltecas\/","title":{"rendered":"Dan certeza jur\u00eddica a 41 pensionados y jubilados tlaxcaltecas"},"content":{"rendered":"\n<p>En atenci\u00f3n a 41 trabajadores al servicio del Gobierno del Estado que ten\u00edan en tr\u00e1mite su pensi\u00f3n y jubilaci\u00f3n, este 25 de septiembre recibieron de manos de la mandataria Lorena Cu\u00e9llar Cisneros el resolutivo que les da certeza jur\u00eddica en su retiro.<\/p>\n\n\n\n<p>Convoca Frente Unido a protesta pac\u00edfica durante informe de Cu\u00e9llar Cisneros<br>La titular del Ejecutivo resalt\u00f3 que resolver el tr\u00e1mite de los extrabajadores es un acto de justicia, debido a que esperaron demasiado tiempo para que fueran resueltas sus demandas laborales y que hoy concluye con el otorgamiento de su pensi\u00f3n.<\/p>\n\n\n\n<p>Coment\u00f3 que en estos dos a\u00f1os de administraci\u00f3n han dado respuesta a 116 solicitudes que estaban en lista de espera desde hace siete a\u00f1os, priorizando a los que ten\u00edan m\u00e1s tiempo con el conflicto.<\/p>\n\n\n\n<p>En su oportunidad, Madai Hern\u00e1ndez L\u00f3pez, directora general de Pensiones Civiles de Tlaxcala, extern\u00f3 que no ha sido una tarea f\u00e1cil resolver conflictos del pasado, sin embargo, se\u00f1al\u00f3 que han trabajado para combatir la corrupci\u00f3n y los privilegios de unos cu\u00e1ntos.<\/p>\n\n\n\n<p>Refiri\u00f3 que el ejercicio responsable de los recursos p\u00fablicos orientados a resultados ha sido fundamental para fortalecer las finanzas de la dependencia, en beneficio de los pensionados y jubilados y sus familias.<\/p>\n\n\n\n<p>Sostuvo que a pesar de las adversidades est\u00e1n saliendo adelante y demostrando con resultados, al dar certeza jur\u00eddica a 41 personas que dedicaron a\u00f1os al servicio p\u00fablico.<\/p>\n","protected":false},"excerpt":{"rendered":"<p>En atenci\u00f3n a 41 trabajadores al servicio del Gobierno del Estado que ten\u00edan en tr\u00e1mite su pensi\u00f3n y jubilaci\u00f3n, este 25 de septiembre recibieron de manos de la mandataria Lorena Cu\u00e9llar Cisneros el resolutivo que les da certeza jur\u00eddica en su retiro. Convoca Frente Unido a protesta pac\u00edfica durante informe de Cu\u00e9llar CisnerosLa titular del [&hellip;]<\/p>\n","protected":false},"author":4,"featured_media":33983,"comment_status":"open","ping_status":"open","sticky":false,"template":"","format":"standard","meta":{"om_disable_all_campaigns":false,"_monsterinsights_skip_tracking":false,"_monsterinsights_sitenote_active":false,"_monsterinsights_sitenote_note":"","_monsterinsights_sitenote_category":0,"footnotes":""},"categories":[175],"tags":[223,210],"class_list":["post-33982","post","type-post","status-publish","format-standard","has-post-thumbnail","hentry","category-local","tag-puebla","tag-tlaxcala"],"amp_enabled":true,"_links":{"self":[{"href":"https:\/\/lahora.mx\/index.php\/wp-json\/wp\/v2\/posts\/33982","targetHints":{"allow":["GET"]}}],"collection":[{"href":"https:\/\/lahora.mx\/index.php\/wp-json\/wp\/v2\/posts"}],"about":[{"href":"https:\/\/lahora.mx\/index.php\/wp-json\/wp\/v2\/types\/post"}],"author":[{"embeddable":true,"href":"https:\/\/lahora.mx\/index.php\/wp-json\/wp\/v2\/users\/4"}],"replies":[{"embeddable":true,"href":"https:\/\/lahora.mx\/index.php\/wp-json\/wp\/v2\/comments?post=33982"}],"version-history":[{"count":1,"href":"https:\/\/lahora.mx\/index.php\/wp-json\/wp\/v2\/posts\/33982\/revisions"}],"predecessor-version":[{"id":33984,"href":"https:\/\/lahora.mx\/index.php\/wp-json\/wp\/v2\/posts\/33982\/revisions\/33984"}],"wp:featuredmedia":[{"embeddable":true,"href":"https:\/\/lahora.mx\/index.php\/wp-json\/wp\/v2\/media\/33983"}],"wp:attachment":[{"href":"https:\/\/lahora.mx\/index.php\/wp-json\/wp\/v2\/media?parent=33982"}],"wp:term":[{"taxonomy":"category","embeddable":true,"href":"https:\/\/lahora.mx\/index.php\/wp-json\/wp\/v2\/categories?post=33982"},{"taxonomy":"post_tag","embeddable":true,"href":"https:\/\/lahora.mx\/index.php\/wp-json\/wp\/v2\/tags?post=33982"}],"curies":[{"name":"wp","href":"https:\/\/api.w.org\/{rel}","templated":true}]}}