{"id":33964,"date":"2023-09-25T22:50:05","date_gmt":"2023-09-25T22:50:05","guid":{"rendered":"http:\/\/lahora.mx\/?p=33964"},"modified":"2023-09-25T22:50:06","modified_gmt":"2023-09-25T22:50:06","slug":"sacerdote-en-tepetzintla-llama-a-no-votar-por-morena-lo-considera-una-mala-desicion","status":"publish","type":"post","link":"https:\/\/lahora.mx\/index.php\/2023\/09\/25\/sacerdote-en-tepetzintla-llama-a-no-votar-por-morena-lo-considera-una-mala-desicion\/","title":{"rendered":"Sacerdote en Tepetzintla llama a no votar por Morena, lo considera una mala desici\u00f3n"},"content":{"rendered":"\n<p>\u201cTengan cuidado, no conviene seguir votando por Morena\u201d, fue el mensaje que un sacerdote dio casi al finalizar la misa celebrada en la iglesia de Tepetzintla, municipio del estado de Puebla.<\/p>\n\n\n\n<p>En redes sociales circula un video grabado desde el exterior de una iglesia donde se escucha en los altoparlantes del inmueble religioso al padre que oficia la misa declararse contra Morena; \u201ctengan cuidado, tengan cuidado\u201d, se oye.<\/p>\n\n\n\n<p>Asegur\u00f3 que la ayuda que provee la administraci\u00f3n del presidente Andr\u00e9s Manuel L\u00f3pez Obrador y todos los militantes del partido creado por \u00e9l \u201cven\u00eda desde una ayuda anterior\u201d; mencion\u00f3 que anteriormente no eran tan grandes dichas ayudas porque \u201cno estaban comprando voluntades\u201d.<\/p>\n\n\n\n<p>\u201cEn ustedes est\u00e1 la libertad y el futuro de estos ni\u00f1os y estos adolescentes, tengan cuidado. No conviene seguir votado por Morena\u201d, sentenci\u00f3 el cura.<\/p>\n\n\n\n<p>Antes de finalizar el mensaje, alert\u00f3 nuevamente a los feligreses sobre el futuro de sus hijos, y pidi\u00f3 \u201csabidur\u00eda para determinar lo que nos conviene y lo que le conviene a los hijos de ustedes. Yo no tengo hijos, no me preocupo, pero ustedes que tienen hijos \u00bfqu\u00e9 le van a dar a sus hijos?, finaliz\u00f3 el religioso.<\/p>\n\n\n\n<p>Rolando \u00c1lvarez, obispo preso por gobierno de Daniel Ortega<br>Durante su mensaje tambi\u00e9n record\u00f3 el encarcelamiento de Rolando \u00c1lvarez, obispo de Nicaragua; asever\u00f3 que se encontraba preso \u201cpor ser cat\u00f3lico\u201d, y con \u00e9l varios sacerdotes m\u00e1s, e incluso catequistas, por lo que se le escuch\u00f3 decir \u201cal ratito hasta a uno tambi\u00e9n lo van a condenar\u201d.<\/p>\n\n\n\n<p>La detenci\u00f3n del obispo Rolando \u00c1lvarez se llev\u00f3 a cabo en medio de un ambiente tenso entre la actual administraci\u00f3n del presidente de Nicaragua, Daniel Ortega, y las instituciones cat\u00f3licas de aquel pa\u00eds.<\/p>\n\n\n\n<p>Los problemas entre el gobierno de Ortega y la instituci\u00f3n religiosa del pa\u00eds nicarag\u00fcense comenzaron a partir de 2018, cuando la Conferencia Episcopal (CEN) dio a conocer p\u00fablicamente una carta con puntos sobre la institucionalidad y el rumbo su pa\u00eds, lo cual molest\u00f3 a Ortega.<\/p>\n\n\n\n<p>El obispo \u00c1lvarez fue detenido el 19 de agosto de 2022 por un grupo policial junto con ocho sacerdotes m\u00e1s y algunos colaboradores, tras acusar en octubre de ese mismo a\u00f1o a la administraci\u00f3n de Ortega de ser una dictadura.<\/p>\n\n\n\n<p>\u00c1lvarez estuvo cuatro meses en arraigo sin acusaci\u00f3n formal; fue condenado a 26 a\u00f1os de prisi\u00f3n por delitos como \u201cmenoscabo en perjuicio del Estado de la Rep\u00fablica\u201d y por presuntamente propagar noticias falsas.<\/p>\n\n\n\n<p>As\u00ed fue como un sacerdote en Tepetzintla, municipio del estado de Puebla, este s\u00e1bado 23 de septiembre, invit\u00f3 a los fieles a no votar por Morena en las elecciones del a\u00f1o que viene ya que, asegur\u00f3, \u201cno conviene\u201d. (MIG)<\/p>\n","protected":false},"excerpt":{"rendered":"<p>\u201cTengan cuidado, no conviene seguir votando por Morena\u201d, fue el mensaje que un sacerdote dio casi al finalizar la misa celebrada en la iglesia de Tepetzintla, municipio del estado de Puebla. En redes sociales circula un video grabado desde el exterior de una iglesia donde se escucha en los altoparlantes del inmueble religioso al padre [&hellip;]<\/p>\n","protected":false},"author":4,"featured_media":33965,"comment_status":"open","ping_status":"open","sticky":false,"template":"","format":"standard","meta":{"om_disable_all_campaigns":false,"_monsterinsights_skip_tracking":false,"_monsterinsights_sitenote_active":false,"_monsterinsights_sitenote_note":"","_monsterinsights_sitenote_category":0,"footnotes":""},"categories":[175,226],"tags":[223],"class_list":["post-33964","post","type-post","status-publish","format-standard","has-post-thumbnail","hentry","category-local","category-policia","tag-puebla"],"amp_enabled":true,"_links":{"self":[{"href":"https:\/\/lahora.mx\/index.php\/wp-json\/wp\/v2\/posts\/33964","targetHints":{"allow":["GET"]}}],"collection":[{"href":"https:\/\/lahora.mx\/index.php\/wp-json\/wp\/v2\/posts"}],"about":[{"href":"https:\/\/lahora.mx\/index.php\/wp-json\/wp\/v2\/types\/post"}],"author":[{"embeddable":true,"href":"https:\/\/lahora.mx\/index.php\/wp-json\/wp\/v2\/users\/4"}],"replies":[{"embeddable":true,"href":"https:\/\/lahora.mx\/index.php\/wp-json\/wp\/v2\/comments?post=33964"}],"version-history":[{"count":1,"href":"https:\/\/lahora.mx\/index.php\/wp-json\/wp\/v2\/posts\/33964\/revisions"}],"predecessor-version":[{"id":33966,"href":"https:\/\/lahora.mx\/index.php\/wp-json\/wp\/v2\/posts\/33964\/revisions\/33966"}],"wp:featuredmedia":[{"embeddable":true,"href":"https:\/\/lahora.mx\/index.php\/wp-json\/wp\/v2\/media\/33965"}],"wp:attachment":[{"href":"https:\/\/lahora.mx\/index.php\/wp-json\/wp\/v2\/media?parent=33964"}],"wp:term":[{"taxonomy":"category","embeddable":true,"href":"https:\/\/lahora.mx\/index.php\/wp-json\/wp\/v2\/categories?post=33964"},{"taxonomy":"post_tag","embeddable":true,"href":"https:\/\/lahora.mx\/index.php\/wp-json\/wp\/v2\/tags?post=33964"}],"curies":[{"name":"wp","href":"https:\/\/api.w.org\/{rel}","templated":true}]}}