{"id":33961,"date":"2023-09-25T22:43:50","date_gmt":"2023-09-25T22:43:50","guid":{"rendered":"http:\/\/lahora.mx\/?p=33961"},"modified":"2023-09-25T22:43:51","modified_gmt":"2023-09-25T22:43:51","slug":"comienza-la-construccion-del-centro-de-rehabilitacion-inclusion-y-autismo-teleton-en-tlaxcala","status":"publish","type":"post","link":"https:\/\/lahora.mx\/index.php\/2023\/09\/25\/comienza-la-construccion-del-centro-de-rehabilitacion-inclusion-y-autismo-teleton-en-tlaxcala\/","title":{"rendered":"Comienza la construcci\u00f3n del Centro de Rehabilitaci\u00f3n, Inclusi\u00f3n y Autismo Telet\u00f3n en Tlaxcala"},"content":{"rendered":"\n<p>La gobernadora, Lorena Cu\u00e9llar Cisneros, y el presidente de la Fundaci\u00f3n Telet\u00f3n M\u00e9xico, Fernando Landeros Verdugo, presenciaron el inicio de la construcci\u00f3n del Centro de Rehabilitaci\u00f3n, Inclusi\u00f3n y Autismo Telet\u00f3n (CRIAT).<\/p>\n\n\n\n<p>El CRIAT se construir\u00e1 en la zona de hospitales en San Mat\u00edas Tepetomatitl\u00e1n, municipio de Apetatitl\u00e1n, donde se har\u00e1 una inversi\u00f3n muy fuerte para contar con un modelo de atenci\u00f3n \u00fanico en su tipo.<\/p>\n\n\n\n<p>En el uso de la palabra, la mandataria estatal estim\u00f3 que ese Centro de tercer nivel tendr\u00e1 la capacidad de atender a m\u00e1s de mil pacientes anualmente, con equipamiento y la estructura adecuada para fortalecer los servicios sobre todo a menores con autismo.<\/p>\n\n\n\n<p>Esas acciones, dijo, se sumar\u00e1n al trabajo que ha venido realizando la administraci\u00f3n estatal en dos a\u00f1os con la entrega de m\u00e1s de 37 mil ayudas funcionales como sillas de ruedas, andaderas, pr\u00f3tesis, implantes, cirug\u00edas de cataratas, entre otras.<br>Acompa\u00f1ada por las titulares de los poderes Legislativo y Judicial; las presidentas honor\u00edficas del DIF estatal y de Bienestar; diputados; alcaldes y colaboradores de su gabinete, Cu\u00e9llar Cisneros destac\u00f3 que nunca abandon\u00f3 su esfuerzo por traer el modelo Telet\u00f3n a Tlaxcala y hoy se ha cristalizado, gracias a que se logr\u00f3 convencer al Consejo de la Fundaci\u00f3n para otorgar todo el asesoramiento necesario para la operaci\u00f3n del CRIAT.<\/p>\n","protected":false},"excerpt":{"rendered":"<p>La gobernadora, Lorena Cu\u00e9llar Cisneros, y el presidente de la Fundaci\u00f3n Telet\u00f3n M\u00e9xico, Fernando Landeros Verdugo, presenciaron el inicio de la construcci\u00f3n del Centro de Rehabilitaci\u00f3n, Inclusi\u00f3n y Autismo Telet\u00f3n (CRIAT). El CRIAT se construir\u00e1 en la zona de hospitales en San Mat\u00edas Tepetomatitl\u00e1n, municipio de Apetatitl\u00e1n, donde se har\u00e1 una inversi\u00f3n muy fuerte para [&hellip;]<\/p>\n","protected":false},"author":4,"featured_media":33962,"comment_status":"open","ping_status":"open","sticky":false,"template":"","format":"standard","meta":{"om_disable_all_campaigns":false,"_monsterinsights_skip_tracking":false,"_monsterinsights_sitenote_active":false,"_monsterinsights_sitenote_note":"","_monsterinsights_sitenote_category":0,"footnotes":""},"categories":[175],"tags":[195,223,210],"class_list":["post-33961","post","type-post","status-publish","format-standard","has-post-thumbnail","hentry","category-local","tag-principal","tag-puebla","tag-tlaxcala"],"amp_enabled":true,"_links":{"self":[{"href":"https:\/\/lahora.mx\/index.php\/wp-json\/wp\/v2\/posts\/33961","targetHints":{"allow":["GET"]}}],"collection":[{"href":"https:\/\/lahora.mx\/index.php\/wp-json\/wp\/v2\/posts"}],"about":[{"href":"https:\/\/lahora.mx\/index.php\/wp-json\/wp\/v2\/types\/post"}],"author":[{"embeddable":true,"href":"https:\/\/lahora.mx\/index.php\/wp-json\/wp\/v2\/users\/4"}],"replies":[{"embeddable":true,"href":"https:\/\/lahora.mx\/index.php\/wp-json\/wp\/v2\/comments?post=33961"}],"version-history":[{"count":1,"href":"https:\/\/lahora.mx\/index.php\/wp-json\/wp\/v2\/posts\/33961\/revisions"}],"predecessor-version":[{"id":33963,"href":"https:\/\/lahora.mx\/index.php\/wp-json\/wp\/v2\/posts\/33961\/revisions\/33963"}],"wp:featuredmedia":[{"embeddable":true,"href":"https:\/\/lahora.mx\/index.php\/wp-json\/wp\/v2\/media\/33962"}],"wp:attachment":[{"href":"https:\/\/lahora.mx\/index.php\/wp-json\/wp\/v2\/media?parent=33961"}],"wp:term":[{"taxonomy":"category","embeddable":true,"href":"https:\/\/lahora.mx\/index.php\/wp-json\/wp\/v2\/categories?post=33961"},{"taxonomy":"post_tag","embeddable":true,"href":"https:\/\/lahora.mx\/index.php\/wp-json\/wp\/v2\/tags?post=33961"}],"curies":[{"name":"wp","href":"https:\/\/api.w.org\/{rel}","templated":true}]}}