{"id":33958,"date":"2023-09-25T22:33:36","date_gmt":"2023-09-25T22:33:36","guid":{"rendered":"http:\/\/lahora.mx\/?p=33958"},"modified":"2023-09-25T22:33:36","modified_gmt":"2023-09-25T22:33:36","slug":"buap-sede-de-la-tercera-sesion-ordinaria-del-sistema-estatal-de-educacion-media-superior-2023","status":"publish","type":"post","link":"https:\/\/lahora.mx\/index.php\/2023\/09\/25\/buap-sede-de-la-tercera-sesion-ordinaria-del-sistema-estatal-de-educacion-media-superior-2023\/","title":{"rendered":"BUAP, sede de la tercera sesi\u00f3n ordinaria del Sistema Estatal de Educaci\u00f3n Media Superior 2023"},"content":{"rendered":"\n<p>Para vincular y coordinar esfuerzos entre las modalidades y subsistemas que ofrecen educaci\u00f3n media superior en el estado de Puebla, la BUAP fue sede de la tercera sesi\u00f3n ordinaria del Sistema Estatal de Educaci\u00f3n Media Superior 2023, en la cual funcionarios de este nivel analizaron c\u00f3mo atender con pertinencia las necesidades de los servicios educativos ofertados en la entidad.<\/p>\n\n\n\n<p>En la apertura de esta reuni\u00f3n realizada en la Torre de Gesti\u00f3n Acad\u00e9mica y Servicios Administrativos, la Rectora Mar\u00eda Lilia Cedillo Ram\u00edrez destac\u00f3 el inter\u00e9s de la instituci\u00f3n por estrechar lazos de colaboraci\u00f3n. \u201cQuiero expresarles nuestra disposici\u00f3n para trabajar juntos e ir de la mano. La BUAP es su amiga y aliada. Para nosotros siempre va a ser un gusto colaborar con la SEP estatal\u201d.<\/p>\n\n\n\n<p>Por su parte, Mar\u00eda Isabel Merlo Talavera, titular de la Secretar\u00eda de Educaci\u00f3n P\u00fablica del estado, reconoci\u00f3 la sensibilidad de la doctora Lilia Cedillo para trabajar juntos y obtener buenos resultados a favor de la educaci\u00f3n.<\/p>\n\n\n\n<p>A esta reuni\u00f3n asistieron integrantes de la Comisi\u00f3n Estatal para la Planeaci\u00f3n y Programaci\u00f3n de Educaci\u00f3n Media Superior (CEPPEMS) e invitados especiales; por parte de la BUAP: Jos\u00e9 Jaime V\u00e1zquez L\u00f3pez, vicerrector de Docencia; Jemima Barbosa Xochicale, directora General de Educaci\u00f3n Media Superior, y Jos\u00e9 Miguel L\u00f3pez Serrano, director de Deporte y Cultura F\u00edsica.<\/p>\n","protected":false},"excerpt":{"rendered":"<p>Para vincular y coordinar esfuerzos entre las modalidades y subsistemas que ofrecen educaci\u00f3n media superior en el estado de Puebla, la BUAP fue sede de la tercera sesi\u00f3n ordinaria del Sistema Estatal de Educaci\u00f3n Media Superior 2023, en la cual funcionarios de este nivel analizaron c\u00f3mo atender con pertinencia las necesidades de los servicios educativos [&hellip;]<\/p>\n","protected":false},"author":4,"featured_media":33959,"comment_status":"open","ping_status":"open","sticky":false,"template":"","format":"standard","meta":{"om_disable_all_campaigns":false,"_monsterinsights_skip_tracking":false,"_monsterinsights_sitenote_active":false,"_monsterinsights_sitenote_note":"","_monsterinsights_sitenote_category":0,"footnotes":""},"categories":[175],"tags":[186,223],"class_list":["post-33958","post","type-post","status-publish","format-standard","has-post-thumbnail","hentry","category-local","tag-buap","tag-puebla"],"amp_enabled":true,"_links":{"self":[{"href":"https:\/\/lahora.mx\/index.php\/wp-json\/wp\/v2\/posts\/33958","targetHints":{"allow":["GET"]}}],"collection":[{"href":"https:\/\/lahora.mx\/index.php\/wp-json\/wp\/v2\/posts"}],"about":[{"href":"https:\/\/lahora.mx\/index.php\/wp-json\/wp\/v2\/types\/post"}],"author":[{"embeddable":true,"href":"https:\/\/lahora.mx\/index.php\/wp-json\/wp\/v2\/users\/4"}],"replies":[{"embeddable":true,"href":"https:\/\/lahora.mx\/index.php\/wp-json\/wp\/v2\/comments?post=33958"}],"version-history":[{"count":1,"href":"https:\/\/lahora.mx\/index.php\/wp-json\/wp\/v2\/posts\/33958\/revisions"}],"predecessor-version":[{"id":33960,"href":"https:\/\/lahora.mx\/index.php\/wp-json\/wp\/v2\/posts\/33958\/revisions\/33960"}],"wp:featuredmedia":[{"embeddable":true,"href":"https:\/\/lahora.mx\/index.php\/wp-json\/wp\/v2\/media\/33959"}],"wp:attachment":[{"href":"https:\/\/lahora.mx\/index.php\/wp-json\/wp\/v2\/media?parent=33958"}],"wp:term":[{"taxonomy":"category","embeddable":true,"href":"https:\/\/lahora.mx\/index.php\/wp-json\/wp\/v2\/categories?post=33958"},{"taxonomy":"post_tag","embeddable":true,"href":"https:\/\/lahora.mx\/index.php\/wp-json\/wp\/v2\/tags?post=33958"}],"curies":[{"name":"wp","href":"https:\/\/api.w.org\/{rel}","templated":true}]}}