{"id":33935,"date":"2023-09-25T17:45:50","date_gmt":"2023-09-25T17:45:50","guid":{"rendered":"http:\/\/lahora.mx\/?p=33935"},"modified":"2023-09-25T17:45:50","modified_gmt":"2023-09-25T17:45:50","slug":"claudia-rivera-vivanco-se-registra-en-interna-de-morena","status":"publish","type":"post","link":"https:\/\/lahora.mx\/index.php\/2023\/09\/25\/claudia-rivera-vivanco-se-registra-en-interna-de-morena\/","title":{"rendered":"Claudia Rivera Vivanco se registra en interna de Morena"},"content":{"rendered":"\n<p>La expresidenta municipal de Puebla, Claudia Rivera Vivanco, se registr\u00f3 en la plataforma de Morena para contender por la Coordinaci\u00f3n de la Defensa de la Cuarta Transformaci\u00f3n en la entidad.<\/p>\n\n\n\n<p>En redes sociales, comparti\u00f3 un video en el que se observa que se registr\u00f3 poco despu\u00e9s de medianoche. En dicho clip, asegur\u00f3 que est\u00e1 lista para participar en el proceso de selecci\u00f3n interno de Morena, ya que es \u00abun anhelo de su coraz\u00f3n\u00bb.<\/p>\n\n\n\n<p>Tambi\u00e9n recalc\u00f3 que en Puebla \u00abes tiempo de las mujeres \u00bb y record\u00f3 que ella es fundadora del Movimiento Regeneraci\u00f3n Nacional; adem\u00e1s, afirm\u00f3 que cuenta con \u00abel amor y la capacidad\u00bb de coordinar el proyecto del presidente Andr\u00e9s Manuel L\u00f3pez Obrador en el estado.<\/p>\n\n\n\n<p>\u00abSoy fundadora, tengo la capacidad y el amor por Puebla para dar esta nueva batalla. Acomp\u00e1\u00f1enme y hagamos historia una vez m\u00e1s, con amor, valor y mucha alegr\u00eda\u00bb, detall\u00f3 la morenista.<\/p>\n\n\n\n<p>Claudia Rivera Vivanco es una de las primeras aspirantes en inscribirse a la elecci\u00f3n interna de Morena. Quien resulte electo, ser\u00e1 el candidato a la gubernatura de Puebla en la elecci\u00f3n de 2024.<\/p>\n\n\n\n<p>Hasta el momento tambi\u00e9n han confirmado su registro el senador Alejandro Armenta Mier; la extitular de la Secretar\u00eda de Econom\u00eda, Olivia Salom\u00f3n Vivaldo; y el exsecretario de Gobernaci\u00f3n, Julio Miguel Huerta G\u00f3mez. (MIG)<\/p>\n","protected":false},"excerpt":{"rendered":"<p>La expresidenta municipal de Puebla, Claudia Rivera Vivanco, se registr\u00f3 en la plataforma de Morena para contender por la Coordinaci\u00f3n de la Defensa de la Cuarta Transformaci\u00f3n en la entidad. En redes sociales, comparti\u00f3 un video en el que se observa que se registr\u00f3 poco despu\u00e9s de medianoche. En dicho clip, asegur\u00f3 que est\u00e1 lista [&hellip;]<\/p>\n","protected":false},"author":4,"featured_media":33936,"comment_status":"open","ping_status":"open","sticky":false,"template":"","format":"standard","meta":{"om_disable_all_campaigns":false,"_monsterinsights_skip_tracking":false,"_monsterinsights_sitenote_active":false,"_monsterinsights_sitenote_note":"","_monsterinsights_sitenote_category":0,"footnotes":""},"categories":[175,5],"tags":[223],"class_list":["post-33935","post","type-post","status-publish","format-standard","has-post-thumbnail","hentry","category-local","category-politica","tag-puebla"],"amp_enabled":true,"_links":{"self":[{"href":"https:\/\/lahora.mx\/index.php\/wp-json\/wp\/v2\/posts\/33935","targetHints":{"allow":["GET"]}}],"collection":[{"href":"https:\/\/lahora.mx\/index.php\/wp-json\/wp\/v2\/posts"}],"about":[{"href":"https:\/\/lahora.mx\/index.php\/wp-json\/wp\/v2\/types\/post"}],"author":[{"embeddable":true,"href":"https:\/\/lahora.mx\/index.php\/wp-json\/wp\/v2\/users\/4"}],"replies":[{"embeddable":true,"href":"https:\/\/lahora.mx\/index.php\/wp-json\/wp\/v2\/comments?post=33935"}],"version-history":[{"count":1,"href":"https:\/\/lahora.mx\/index.php\/wp-json\/wp\/v2\/posts\/33935\/revisions"}],"predecessor-version":[{"id":33937,"href":"https:\/\/lahora.mx\/index.php\/wp-json\/wp\/v2\/posts\/33935\/revisions\/33937"}],"wp:featuredmedia":[{"embeddable":true,"href":"https:\/\/lahora.mx\/index.php\/wp-json\/wp\/v2\/media\/33936"}],"wp:attachment":[{"href":"https:\/\/lahora.mx\/index.php\/wp-json\/wp\/v2\/media?parent=33935"}],"wp:term":[{"taxonomy":"category","embeddable":true,"href":"https:\/\/lahora.mx\/index.php\/wp-json\/wp\/v2\/categories?post=33935"},{"taxonomy":"post_tag","embeddable":true,"href":"https:\/\/lahora.mx\/index.php\/wp-json\/wp\/v2\/tags?post=33935"}],"curies":[{"name":"wp","href":"https:\/\/api.w.org\/{rel}","templated":true}]}}