{"id":33932,"date":"2023-09-25T17:43:38","date_gmt":"2023-09-25T17:43:38","guid":{"rendered":"http:\/\/lahora.mx\/?p=33932"},"modified":"2023-09-25T17:43:39","modified_gmt":"2023-09-25T17:43:39","slug":"detienen-a-7-policias-municipales-de-acajete-que-arrollaron-a-un-menor","status":"publish","type":"post","link":"https:\/\/lahora.mx\/index.php\/2023\/09\/25\/detienen-a-7-policias-municipales-de-acajete-que-arrollaron-a-un-menor\/","title":{"rendered":"Detienen a 7 polic\u00edas municipales de Acajete que arrollaron a un menor"},"content":{"rendered":"\n<p>En su huida de un grupo de pobladores que les reclamaron por no intervenir un inmueble usado para el resguardo de migrantes, siete polic\u00edas municipales de Acajete atropellaron a un menor de edad el cual result\u00f3 gravemente herido; los presuntos responsables ya fueron detenidos y llevados ante las autoridades correspondientes.<\/p>\n\n\n\n<p>Fue este fin de semana cuando un grupo de agentes ministeriales arrib\u00f3 a la comandancia policial para proceder con siete \u00f3rdenes de arresto.<\/p>\n\n\n\n<p>Sin a\u00fan revelar los nombres de los agentes policiacos detenidos, las fuentes consultadas explicaron que los uniformados enfrentan cargos por los delitos de lesiones y encubrimiento.<\/p>\n\n\n\n<p>Detallaron que el pasado 18 de septiembre, los oficiales arribaron a la localidad de San Antonio Tlacamilco, lo anterior tras la denuncia de un inmueble que es utilizado para el resguardo de migrantes.<\/p>\n\n\n\n<p>En el lugar los polic\u00edas habr\u00edan recibido \u00f3rdenes de no intervenir, por lo que se retiraron del lugar; sin embargo, cuando ya se iban fueron interceptados por un grupo de pobladores que les reclamaron por no actuar; en su huida los oficiales arrollaron a un menor de edad que jugaba con su bicicleta y result\u00f3 herido de gravedad, por lo que incluso tuvo que ser llevado al Hospital del Ni\u00f1o Poblano (HNP) en la ciudad de Puebla.<\/p>\n\n\n\n<p>Pese a lo anterior, los polic\u00edas escaparon del sitio y dejaron abandonado al menor que embistieron.<\/p>\n\n\n\n<p>Tras la denuncia correspondiente, la Fiscal\u00eda General del Estado (FGE) de Puebla solicit\u00f3 y obtuvo siete \u00f3rdenes de aprehensi\u00f3n contra igual n\u00famero de polic\u00edas las cuales fueron cumplimentadas el pasado 22 de septiembre.<\/p>\n\n\n\n<p>Al momento, ninguna autoridad se ha pronunciado sobre los hechos ni por la detenci\u00f3n de los siete servidores p\u00fablicos. (MIG)<\/p>\n","protected":false},"excerpt":{"rendered":"<p>En su huida de un grupo de pobladores que les reclamaron por no intervenir un inmueble usado para el resguardo de migrantes, siete polic\u00edas municipales de Acajete atropellaron a un menor de edad el cual result\u00f3 gravemente herido; los presuntos responsables ya fueron detenidos y llevados ante las autoridades correspondientes. Fue este fin de semana [&hellip;]<\/p>\n","protected":false},"author":4,"featured_media":33933,"comment_status":"open","ping_status":"open","sticky":false,"template":"","format":"standard","meta":{"om_disable_all_campaigns":false,"_monsterinsights_skip_tracking":false,"_monsterinsights_sitenote_active":false,"_monsterinsights_sitenote_note":"","_monsterinsights_sitenote_category":0,"footnotes":""},"categories":[175,226],"tags":[223],"class_list":["post-33932","post","type-post","status-publish","format-standard","has-post-thumbnail","hentry","category-local","category-policia","tag-puebla"],"amp_enabled":true,"_links":{"self":[{"href":"https:\/\/lahora.mx\/index.php\/wp-json\/wp\/v2\/posts\/33932","targetHints":{"allow":["GET"]}}],"collection":[{"href":"https:\/\/lahora.mx\/index.php\/wp-json\/wp\/v2\/posts"}],"about":[{"href":"https:\/\/lahora.mx\/index.php\/wp-json\/wp\/v2\/types\/post"}],"author":[{"embeddable":true,"href":"https:\/\/lahora.mx\/index.php\/wp-json\/wp\/v2\/users\/4"}],"replies":[{"embeddable":true,"href":"https:\/\/lahora.mx\/index.php\/wp-json\/wp\/v2\/comments?post=33932"}],"version-history":[{"count":1,"href":"https:\/\/lahora.mx\/index.php\/wp-json\/wp\/v2\/posts\/33932\/revisions"}],"predecessor-version":[{"id":33934,"href":"https:\/\/lahora.mx\/index.php\/wp-json\/wp\/v2\/posts\/33932\/revisions\/33934"}],"wp:featuredmedia":[{"embeddable":true,"href":"https:\/\/lahora.mx\/index.php\/wp-json\/wp\/v2\/media\/33933"}],"wp:attachment":[{"href":"https:\/\/lahora.mx\/index.php\/wp-json\/wp\/v2\/media?parent=33932"}],"wp:term":[{"taxonomy":"category","embeddable":true,"href":"https:\/\/lahora.mx\/index.php\/wp-json\/wp\/v2\/categories?post=33932"},{"taxonomy":"post_tag","embeddable":true,"href":"https:\/\/lahora.mx\/index.php\/wp-json\/wp\/v2\/tags?post=33932"}],"curies":[{"name":"wp","href":"https:\/\/api.w.org\/{rel}","templated":true}]}}