{"id":33929,"date":"2023-09-25T17:16:15","date_gmt":"2023-09-25T17:16:15","guid":{"rendered":"http:\/\/lahora.mx\/?p=33929"},"modified":"2023-09-25T17:16:16","modified_gmt":"2023-09-25T17:16:16","slug":"5-camionetas-y-autopartes-robadas-en-esperanza-puebla-son-aseguradas","status":"publish","type":"post","link":"https:\/\/lahora.mx\/index.php\/2023\/09\/25\/5-camionetas-y-autopartes-robadas-en-esperanza-puebla-son-aseguradas\/","title":{"rendered":"5 camionetas y autopartes robadas en Esperanza, Puebla son aseguradas"},"content":{"rendered":"\n<p>Resultado de investigaciones por robo de veh\u00edculo cargado de mercanc\u00eda, se realiz\u00f3 un cate\u00f3 de un inmueble en Esperanza, Puebla, donde se aseguraron cinco unidades de presunta procedencia il\u00edcita, autopartes y otros indicios.<\/p>\n\n\n\n<p>El 1 de junio de 2023, el afectado conduc\u00eda un veh\u00edculo Ford F-550 modelo 2001 con caja seca y placas de circulaci\u00f3n 895EV8 del Servicio P\u00fablico Federal, en el que transportaba mercanc\u00eda consistente en 510 cajas de cloro, cuando sobre la carretera federal El Seco-Esperanza fue interceptado por una camioneta Tacoma de la que descendieron cuatro hombres.<\/p>\n\n\n\n<p>Los presuntos responsables lo obligaron subir al veh\u00edculo en el viajaban para ser trasladado a un inmueble donde estuvo privado de la libertad hasta el 2 de junio.<\/p>\n\n\n\n<p>Aseguran 5 camionetas y autopartes robadas en Esperanza, Puebla<\/p>\n\n\n\n<p>Al tomar conocimiento de lo ocurrido, la Fiscal\u00eda General del Estado (FGE) de Puebla implement\u00f3 diversas acciones de investigaci\u00f3n que permitieron determinar que en el municipio de Esperanza se ubicaba un inmueble presuntamente relacionado con el il\u00edcito. Por lo anterior, la autoridad ministerial solicit\u00f3 y obtuvo orden de cateo para inspeccionar dicho predio.<\/p>\n\n\n\n<p>El 21 de septiembre de 2023, agentes investigadores dieron cumplimiento al mandamiento judicial en la colonia El Pozo donde fueron localizados: un veh\u00edculo Ford F-550, modelo 2001 con caja seca y placas 895EV8 del Servicio P\u00fablico Federal, con huellas de desmantelamiento; un veh\u00edculo Ford F150 Pick Up, modelo 2005, tipo patrulla con placas L15-01; un veh\u00edculo Ford F-350, modelo 2022, con engomado 54AY8H del Servicio P\u00fablico Federal; un veh\u00edculo Chevrolet tipo Cheyenne, modelo 2019, con placas XV43179 del Estado de Veracruz; un veh\u00edculo Ford F350, modelo 2013, con placas LE26211 del Estado de M\u00e9xico.<\/p>\n\n\n\n<p>Tambi\u00e9n un chasis de camioneta Pick Up marca Lincoln placas RJ53693; cabina con motor y autopartes de veh\u00edculo Ford F350 del Estado de M\u00e9xico; cabina con chasis de veh\u00edculo marca Chevrolet Silverado, modelo 2016; placa de circulaci\u00f3n SB28499 del Estado de Puebla y parrilla pl\u00e1stica con placa met\u00e1lica del Estado de M\u00e9xico.<\/p>\n\n\n\n<p>Todas las unidades y autopartes cuentan con reporte de robo, motivo por el que el inmueble qued\u00f3 a disposici\u00f3n del Agente del Ministerio P\u00fablico. (AD)<\/p>\n","protected":false},"excerpt":{"rendered":"<p>Resultado de investigaciones por robo de veh\u00edculo cargado de mercanc\u00eda, se realiz\u00f3 un cate\u00f3 de un inmueble en Esperanza, Puebla, donde se aseguraron cinco unidades de presunta procedencia il\u00edcita, autopartes y otros indicios. El 1 de junio de 2023, el afectado conduc\u00eda un veh\u00edculo Ford F-550 modelo 2001 con caja seca y placas de circulaci\u00f3n [&hellip;]<\/p>\n","protected":false},"author":4,"featured_media":33930,"comment_status":"open","ping_status":"open","sticky":false,"template":"","format":"standard","meta":{"om_disable_all_campaigns":false,"_monsterinsights_skip_tracking":false,"_monsterinsights_sitenote_active":false,"_monsterinsights_sitenote_note":"","_monsterinsights_sitenote_category":0,"footnotes":""},"categories":[175],"tags":[223],"class_list":["post-33929","post","type-post","status-publish","format-standard","has-post-thumbnail","hentry","category-local","tag-puebla"],"amp_enabled":true,"_links":{"self":[{"href":"https:\/\/lahora.mx\/index.php\/wp-json\/wp\/v2\/posts\/33929","targetHints":{"allow":["GET"]}}],"collection":[{"href":"https:\/\/lahora.mx\/index.php\/wp-json\/wp\/v2\/posts"}],"about":[{"href":"https:\/\/lahora.mx\/index.php\/wp-json\/wp\/v2\/types\/post"}],"author":[{"embeddable":true,"href":"https:\/\/lahora.mx\/index.php\/wp-json\/wp\/v2\/users\/4"}],"replies":[{"embeddable":true,"href":"https:\/\/lahora.mx\/index.php\/wp-json\/wp\/v2\/comments?post=33929"}],"version-history":[{"count":1,"href":"https:\/\/lahora.mx\/index.php\/wp-json\/wp\/v2\/posts\/33929\/revisions"}],"predecessor-version":[{"id":33931,"href":"https:\/\/lahora.mx\/index.php\/wp-json\/wp\/v2\/posts\/33929\/revisions\/33931"}],"wp:featuredmedia":[{"embeddable":true,"href":"https:\/\/lahora.mx\/index.php\/wp-json\/wp\/v2\/media\/33930"}],"wp:attachment":[{"href":"https:\/\/lahora.mx\/index.php\/wp-json\/wp\/v2\/media?parent=33929"}],"wp:term":[{"taxonomy":"category","embeddable":true,"href":"https:\/\/lahora.mx\/index.php\/wp-json\/wp\/v2\/categories?post=33929"},{"taxonomy":"post_tag","embeddable":true,"href":"https:\/\/lahora.mx\/index.php\/wp-json\/wp\/v2\/tags?post=33929"}],"curies":[{"name":"wp","href":"https:\/\/api.w.org\/{rel}","templated":true}]}}