{"id":33926,"date":"2023-09-25T16:59:13","date_gmt":"2023-09-25T16:59:13","guid":{"rendered":"http:\/\/lahora.mx\/?p=33926"},"modified":"2023-09-25T16:59:14","modified_gmt":"2023-09-25T16:59:14","slug":"inicia-la-construccion-del-cecade-en-acatzingo","status":"publish","type":"post","link":"https:\/\/lahora.mx\/index.php\/2023\/09\/25\/inicia-la-construccion-del-cecade-en-acatzingo\/","title":{"rendered":"Inicia la construcci\u00f3n del Cecade en Acatzingo"},"content":{"rendered":"\n<p>El gobernador de Puebla, Sergio Salom\u00f3n C\u00e9spedes Peregrina; el presidente municipal de Acatzingo, Abrahan Mart\u00ednez Jim\u00e9nez; as\u00ed como autoridades federales y del Estado, colocaron la primera piedra para la construcci\u00f3n del Centro de Capacitaci\u00f3n y Desarrollo (Cecade), \u00c1rea de Equinoterapia, Estancia de la Mujer y obras complementarias del Centro de Rehabilitaci\u00f3n Integral (CRI) de dicha demarcaci\u00f3n.<\/p>\n\n\n\n<p>En su intervenci\u00f3n, el alcalde de Acatzingo, Abrahan Mart\u00ednez reconoci\u00f3 y agradeci\u00f3 el arduo trabajo que lleva a cabo el gobernador de Puebla, Sergio C\u00e9spedes Peregrina y su esposa, la presidente honoraria del SEDIF, Gaby Bonilla para beneficio de todas las familias poblanas sin distingo alguna.<\/p>\n\n\n\n<p>Destac\u00f3 que, gracias a las gestiones realizadas por su esposa, la titular del DIF municipal, Arantza V\u00e9lez Clemente se ponen en marcha estas obras para beneficio de todas las familias no solo de Acatzingo, sino de toda la regi\u00f3n, ya que \u00e9stas permitir\u00e1n brindar mejores condiciones de vida \u201cel Cecade ser\u00e1 un espacio que contribuya al desarrollo y a que las personas tengan una oportunidad para aprender un oficio a trav\u00e9s de los diversos talleres. Mientras que el CRI y la Estancia de D\u00eda permitir\u00e1n brindar servicios a las personas m\u00e1s vulnerables\u201d.<\/p>\n\n\n\n<p>Por su parte, el secretario de Infraestructura, Luis tenorio Garc\u00eda inform\u00f3 que para estas obras se destinar\u00e1 una inversi\u00f3n superior a los 15.4 millones de pesos en beneficio de m\u00e1s de 63 mil 700 personas. En esta inversi\u00f3n, el ayuntamiento participar\u00e1 con el 25 por ciento para su ejecuci\u00f3n. Estas obras, refiri\u00f3, contemplan la construcci\u00f3n de m\u00e1s de 4 mil metros cuadrados con la edificaci\u00f3n de dos edificios, \u00e1reas de terapias para personas discapacitadas y un espacio para resguardar a mujeres en situaci\u00f3n vulnerable, procurando as\u00ed el bienestar de las familias poblanas.<\/p>\n\n\n\n<p>En tanto, el subsecretario de Infraestructura, Jes\u00fas Aquino Lim\u00f3n anunci\u00f3 la construcci\u00f3n de la telesecundaria de nueva creaci\u00f3n en \u201cEl Capul\u00edn\u201d que se suma a la Escuela Primaria del lugar, concretando as\u00ed un complejo educativo; adem\u00e1s, de la rehabilitaci\u00f3n de la carretera Acatzingo-Nopalucan en el tramo Acatzingo-Carmen Serd\u00e1n, con una longitud de 7.5 kil\u00f3metros.<\/p>\n\n\n\n<p>Finalmente, el mandatario estatal, Sergio C\u00e9spedes reconoci\u00f3 el trabajo de las autoridades de Acatzingo; as\u00ed como tambi\u00e9n, exhort\u00f3 a las familias del lugar a hacer equipo con el gobierno de Puebla y con las autoridades del Gobierno Federal y Municipal para continuar y sacar avante las pol\u00edticas sociales y de progreso.<\/p>\n\n\n\n<p>Cabe mencionar que durante el inicio de estas obras, el ejecutivo del Estado de Puebla entreg\u00f3 m\u00e1s de 400 apoyos para el Bienestar de las familias poblanas: 400 acciones de producto l\u00e1cteo y 3 m\u00f3dulos av\u00edcolas, con una inversi\u00f3n de m\u00e1s de 114 mil pesos. Y ser\u00e1 para el segundo semestre del 2023 que de 400 beneficiarios que conforman el padr\u00f3n, se aumentar\u00e1 a m\u00e1s de mil.<\/p>\n","protected":false},"excerpt":{"rendered":"<p>El gobernador de Puebla, Sergio Salom\u00f3n C\u00e9spedes Peregrina; el presidente municipal de Acatzingo, Abrahan Mart\u00ednez Jim\u00e9nez; as\u00ed como autoridades federales y del Estado, colocaron la primera piedra para la construcci\u00f3n del Centro de Capacitaci\u00f3n y Desarrollo (Cecade), \u00c1rea de Equinoterapia, Estancia de la Mujer y obras complementarias del Centro de Rehabilitaci\u00f3n Integral (CRI) de dicha [&hellip;]<\/p>\n","protected":false},"author":4,"featured_media":33927,"comment_status":"open","ping_status":"open","sticky":false,"template":"","format":"standard","meta":{"om_disable_all_campaigns":false,"_monsterinsights_skip_tracking":false,"_monsterinsights_sitenote_active":false,"_monsterinsights_sitenote_note":"","_monsterinsights_sitenote_category":0,"footnotes":""},"categories":[175],"tags":[223],"class_list":["post-33926","post","type-post","status-publish","format-standard","has-post-thumbnail","hentry","category-local","tag-puebla"],"amp_enabled":true,"_links":{"self":[{"href":"https:\/\/lahora.mx\/index.php\/wp-json\/wp\/v2\/posts\/33926","targetHints":{"allow":["GET"]}}],"collection":[{"href":"https:\/\/lahora.mx\/index.php\/wp-json\/wp\/v2\/posts"}],"about":[{"href":"https:\/\/lahora.mx\/index.php\/wp-json\/wp\/v2\/types\/post"}],"author":[{"embeddable":true,"href":"https:\/\/lahora.mx\/index.php\/wp-json\/wp\/v2\/users\/4"}],"replies":[{"embeddable":true,"href":"https:\/\/lahora.mx\/index.php\/wp-json\/wp\/v2\/comments?post=33926"}],"version-history":[{"count":1,"href":"https:\/\/lahora.mx\/index.php\/wp-json\/wp\/v2\/posts\/33926\/revisions"}],"predecessor-version":[{"id":33928,"href":"https:\/\/lahora.mx\/index.php\/wp-json\/wp\/v2\/posts\/33926\/revisions\/33928"}],"wp:featuredmedia":[{"embeddable":true,"href":"https:\/\/lahora.mx\/index.php\/wp-json\/wp\/v2\/media\/33927"}],"wp:attachment":[{"href":"https:\/\/lahora.mx\/index.php\/wp-json\/wp\/v2\/media?parent=33926"}],"wp:term":[{"taxonomy":"category","embeddable":true,"href":"https:\/\/lahora.mx\/index.php\/wp-json\/wp\/v2\/categories?post=33926"},{"taxonomy":"post_tag","embeddable":true,"href":"https:\/\/lahora.mx\/index.php\/wp-json\/wp\/v2\/tags?post=33926"}],"curies":[{"name":"wp","href":"https:\/\/api.w.org\/{rel}","templated":true}]}}