{"id":33835,"date":"2023-09-22T17:46:33","date_gmt":"2023-09-22T17:46:33","guid":{"rendered":"http:\/\/lahora.mx\/?p=33835"},"modified":"2023-09-22T17:46:33","modified_gmt":"2023-09-22T17:46:33","slug":"amlo-anuncia-que-acatara-orden-del-ine-sobre-cortinillas-en-mananera","status":"publish","type":"post","link":"https:\/\/lahora.mx\/index.php\/2023\/09\/22\/amlo-anuncia-que-acatara-orden-del-ine-sobre-cortinillas-en-mananera\/","title":{"rendered":"AMLO anuncia que acatar\u00e1 orden del INE sobre cortinillas en ma\u00f1anera"},"content":{"rendered":"\n<p>Luego que el Instituto Nacional Electoral (INE) ordenara al presidente Andr\u00e9s Manuel L\u00f3pez Obrador colocar un mensaje antes de las ma\u00f1aneras en el que se mencionen las prohibiciones establecidas en el art\u00edculo 134 de la Constituci\u00f3n para los servidores p\u00fablicos, el Mandatario federal anunci\u00f3 que acatar\u00e1 la orden, pero adelant\u00f3 que el pondr\u00e1 otro que diga si est\u00e1n a favor de la corrupci\u00f3n no vean la conferencia.<\/p>\n\n\n\n<p>En conferencia de prensa, dijo que dicho mensaje ser\u00e1 colocado abajo de la cortinilla ordenada por el INE, como parte de una medida cautelar en la que se establezcan los l\u00edmites de los funcionarios p\u00fablicos.<\/p>\n\n\n\n<p>\u00abY voy a agregar uno que va a decir, palabras m\u00e1s, palabras menos\u00bb.<\/p>\n\n\n\n<p>\u201cSi eres conservador y est\u00e1s en contra de la transformaci\u00f3n del pa\u00eds porque quieres que regresen los fueros y los privilegios de unos cuantos y que contin\u00fae la corrupci\u00f3n, el clasismo, el racismo y la discriminaci\u00f3n te recomendamos que no veas este programa porque puede ocasionarte alg\u00fan da\u00f1o psicol\u00f3gico o emocional, o afectar los intereses que defiendes\u00bb.<br>\u00bfMejor que el Botox? El nuevo m\u00e9todo para parecer 20 a\u00f1os m\u00e1s joven<br>levelup-videos<\/p>\n\n\n\n<p>Reclam\u00f3 que ya no podr\u00e1 hablar de ning\u00fan pol\u00edtico como Carlos Salinas, Vicente Fox ni el PRIAN.<\/p>\n\n\n\n<p>Adem\u00e1s, respondi\u00f3 que no teme sanciones por este tema. \u00abY la libertad pues, \u00bfd\u00f3nde queda?\u00bb, se\u00f1al\u00f3.<\/p>\n","protected":false},"excerpt":{"rendered":"<p>Luego que el Instituto Nacional Electoral (INE) ordenara al presidente Andr\u00e9s Manuel L\u00f3pez Obrador colocar un mensaje antes de las ma\u00f1aneras en el que se mencionen las prohibiciones establecidas en el art\u00edculo 134 de la Constituci\u00f3n para los servidores p\u00fablicos, el Mandatario federal anunci\u00f3 que acatar\u00e1 la orden, pero adelant\u00f3 que el pondr\u00e1 otro que [&hellip;]<\/p>\n","protected":false},"author":4,"featured_media":33836,"comment_status":"open","ping_status":"open","sticky":false,"template":"","format":"standard","meta":{"om_disable_all_campaigns":false,"_monsterinsights_skip_tracking":false,"_monsterinsights_sitenote_active":false,"_monsterinsights_sitenote_note":"","_monsterinsights_sitenote_category":0,"footnotes":""},"categories":[176],"tags":[],"class_list":["post-33835","post","type-post","status-publish","format-standard","has-post-thumbnail","hentry","category-nacional"],"amp_enabled":true,"_links":{"self":[{"href":"https:\/\/lahora.mx\/index.php\/wp-json\/wp\/v2\/posts\/33835","targetHints":{"allow":["GET"]}}],"collection":[{"href":"https:\/\/lahora.mx\/index.php\/wp-json\/wp\/v2\/posts"}],"about":[{"href":"https:\/\/lahora.mx\/index.php\/wp-json\/wp\/v2\/types\/post"}],"author":[{"embeddable":true,"href":"https:\/\/lahora.mx\/index.php\/wp-json\/wp\/v2\/users\/4"}],"replies":[{"embeddable":true,"href":"https:\/\/lahora.mx\/index.php\/wp-json\/wp\/v2\/comments?post=33835"}],"version-history":[{"count":1,"href":"https:\/\/lahora.mx\/index.php\/wp-json\/wp\/v2\/posts\/33835\/revisions"}],"predecessor-version":[{"id":33837,"href":"https:\/\/lahora.mx\/index.php\/wp-json\/wp\/v2\/posts\/33835\/revisions\/33837"}],"wp:featuredmedia":[{"embeddable":true,"href":"https:\/\/lahora.mx\/index.php\/wp-json\/wp\/v2\/media\/33836"}],"wp:attachment":[{"href":"https:\/\/lahora.mx\/index.php\/wp-json\/wp\/v2\/media?parent=33835"}],"wp:term":[{"taxonomy":"category","embeddable":true,"href":"https:\/\/lahora.mx\/index.php\/wp-json\/wp\/v2\/categories?post=33835"},{"taxonomy":"post_tag","embeddable":true,"href":"https:\/\/lahora.mx\/index.php\/wp-json\/wp\/v2\/tags?post=33835"}],"curies":[{"name":"wp","href":"https:\/\/api.w.org\/{rel}","templated":true}]}}