{"id":33832,"date":"2023-09-22T17:38:17","date_gmt":"2023-09-22T17:38:17","guid":{"rendered":"http:\/\/lahora.mx\/?p=33832"},"modified":"2023-09-22T17:38:18","modified_gmt":"2023-09-22T17:38:18","slug":"inflacion-desciende-a-un-4-44-en-la-primera-quincena-de-septiembre","status":"publish","type":"post","link":"https:\/\/lahora.mx\/index.php\/2023\/09\/22\/inflacion-desciende-a-un-4-44-en-la-primera-quincena-de-septiembre\/","title":{"rendered":"Inflaci\u00f3n desciende a un 4.44% en la primera quincena de septiembre"},"content":{"rendered":"\n<p>La inflaci\u00f3n a los consumidores continu\u00f3 desaceler\u00e1ndose en la primera mitad de septiembre, y acerc\u00e1ndose as\u00ed al objetivo del Banco de M\u00e9xico (Banxico).<\/p>\n\n\n\n<p>En la primera quincena del mes, el \u00cdndice Nacional de Precios al Consumidor (INPC) mostr\u00f3 una variaci\u00f3n quincenal de 0.25 por ciento.<\/p>\n\n\n\n<p>Con lo anterior, la inflaci\u00f3n se ubico en 4.44% anual, con lo que se acerc\u00f3 cada vez m\u00e1s al objetivo de Banxico de 3% +\/-1 punto porcentaje.<\/p>\n\n\n\n<p>El dato es mejor que el consenso del mercado, que esperaba un aumento de precios de 4.48 por ciento.<\/p>\n\n\n\n<p>Al interior, la Inflaci\u00f3n subyacente, que elimina de su c\u00e1lculo los bienes y servicios con precios m\u00e1s vol\u00e1tiles, mostr\u00f3 una tasa de 5.78 por ciento.<\/p>\n\n\n\n<p>En este rubro, la parte de mercanc\u00edas mostr\u00f3 un aumento de precios anual de 6.35%, mientras que los servicios de 5.08 por ciento.<\/p>\n\n\n\n<p>En el caso de la inflaci\u00f3n no subyacente, se observ\u00f3 una tasa anual de 0.48 por ciento.<\/p>\n\n\n\n<p>Aqu\u00ed, los productos agropecuarios mostraron una inflaci\u00f3n anual de 3.57%, en contraste con los energ\u00e9ticos y tarifas autorizadas por el gobierno, cuyo precio cay\u00f3 2.20% anual.<\/p>\n","protected":false},"excerpt":{"rendered":"<p>La inflaci\u00f3n a los consumidores continu\u00f3 desaceler\u00e1ndose en la primera mitad de septiembre, y acerc\u00e1ndose as\u00ed al objetivo del Banco de M\u00e9xico (Banxico). En la primera quincena del mes, el \u00cdndice Nacional de Precios al Consumidor (INPC) mostr\u00f3 una variaci\u00f3n quincenal de 0.25 por ciento. Con lo anterior, la inflaci\u00f3n se ubico en 4.44% anual, [&hellip;]<\/p>\n","protected":false},"author":4,"featured_media":33833,"comment_status":"open","ping_status":"open","sticky":false,"template":"","format":"standard","meta":{"om_disable_all_campaigns":false,"_monsterinsights_skip_tracking":false,"_monsterinsights_sitenote_active":false,"_monsterinsights_sitenote_note":"","_monsterinsights_sitenote_category":0,"footnotes":""},"categories":[176,2],"tags":[29],"class_list":["post-33832","post","type-post","status-publish","format-standard","has-post-thumbnail","hentry","category-nacional","category-negocios","tag-business"],"amp_enabled":true,"_links":{"self":[{"href":"https:\/\/lahora.mx\/index.php\/wp-json\/wp\/v2\/posts\/33832","targetHints":{"allow":["GET"]}}],"collection":[{"href":"https:\/\/lahora.mx\/index.php\/wp-json\/wp\/v2\/posts"}],"about":[{"href":"https:\/\/lahora.mx\/index.php\/wp-json\/wp\/v2\/types\/post"}],"author":[{"embeddable":true,"href":"https:\/\/lahora.mx\/index.php\/wp-json\/wp\/v2\/users\/4"}],"replies":[{"embeddable":true,"href":"https:\/\/lahora.mx\/index.php\/wp-json\/wp\/v2\/comments?post=33832"}],"version-history":[{"count":1,"href":"https:\/\/lahora.mx\/index.php\/wp-json\/wp\/v2\/posts\/33832\/revisions"}],"predecessor-version":[{"id":33834,"href":"https:\/\/lahora.mx\/index.php\/wp-json\/wp\/v2\/posts\/33832\/revisions\/33834"}],"wp:featuredmedia":[{"embeddable":true,"href":"https:\/\/lahora.mx\/index.php\/wp-json\/wp\/v2\/media\/33833"}],"wp:attachment":[{"href":"https:\/\/lahora.mx\/index.php\/wp-json\/wp\/v2\/media?parent=33832"}],"wp:term":[{"taxonomy":"category","embeddable":true,"href":"https:\/\/lahora.mx\/index.php\/wp-json\/wp\/v2\/categories?post=33832"},{"taxonomy":"post_tag","embeddable":true,"href":"https:\/\/lahora.mx\/index.php\/wp-json\/wp\/v2\/tags?post=33832"}],"curies":[{"name":"wp","href":"https:\/\/api.w.org\/{rel}","templated":true}]}}