{"id":33789,"date":"2023-09-21T23:01:11","date_gmt":"2023-09-21T23:01:11","guid":{"rendered":"http:\/\/lahora.mx\/?p=33789"},"modified":"2023-09-21T23:01:12","modified_gmt":"2023-09-21T23:01:12","slug":"mexicanos-deben-avivar-capacidad-de-movilizacion-y-organizacion","status":"publish","type":"post","link":"https:\/\/lahora.mx\/index.php\/2023\/09\/21\/mexicanos-deben-avivar-capacidad-de-movilizacion-y-organizacion\/","title":{"rendered":"Mexicanos deben avivar capacidad de movilizaci\u00f3n y organizaci\u00f3n"},"content":{"rendered":"\n<p>Frente a la grave crisis de inseguridad que vive nuestro pa\u00eds, es necesario que la poblaci\u00f3n refuerce su capacidad de movilizaci\u00f3n y organizaci\u00f3n, pues se requiere obligar a las autoridades a actuar ante la desprotecci\u00f3n de la ciudadan\u00eda, apunt\u00f3 el escritor y activista, Javier Sicilia Zardain.<\/p>\n\n\n\n<p>Como parte del foro denominado \u201c\u00bfPor qu\u00e9 hemos llegado a estos niveles de violencia?\u201d, donde se reflexion\u00f3 acerca de los altos \u00edndices de criminalidad en M\u00e9xico, el activista hizo hincapi\u00e9 en la necesidad de articular a la sociedad frente a la crisis de inseguridad que se vive en la actualidad.<\/p>\n\n\n\n<p>Detall\u00f3 que es fundamental promover una unidad verdadera en el pa\u00eds, una que incluya a todos los sectores de la poblaci\u00f3n, especialmente a los pueblos ind\u00edgenas, a las organizaciones civiles, a las v\u00edctimas y sus familias, entre otros.<\/p>\n\n\n\n<p>Desigualdad econ\u00f3mica en M\u00e9xico ha detonado crisis de inseguridad: sacerdote jesuita<br>Enfatiz\u00f3 que el contexto actual de criminalidad en M\u00e9xico requiere que se dise\u00f1e una agenda urgente, donde no se dependa de la voluntad de las autoridades y los gobiernos.<\/p>\n\n\n\n<p>Inclusive, Sicilia Zardain enfatiz\u00f3 que existen gobiernos que est\u00e1n coludidos con grupos criminales. Por ese motivo, remarc\u00f3 que es fundamental \u201crealizar una depuraci\u00f3n\u201d de todos los partidos pol\u00edticos en nuestro pa\u00eds.<\/p>\n\n\n\n<p>La sociedad ha disminuido su voluntad por organizarse<br>En ese tenor, el activista subray\u00f3 que, aunque la capacidad de indignaci\u00f3n no se ha perdido, la sociedad ha disminuido su voluntad por organizarse y movilizarse para exigir un alto a la desmedida violencia que ata\u00f1e a miles de familias en todo M\u00e9xico.<\/p>\n\n\n\n<p>Refiri\u00f3 que cuando un pueblo exige de manera colectiva y se opone a la inacci\u00f3n de las autoridades, as\u00ed como su encubrimiento ante hechos delictivos, las autoridades se sienten obligadas a actuar.<\/p>\n\n\n\n<p>Inicia Di\u00e1logo Nacional por la Paz en la Ibero Puebla<br>\u201cEllos s\u00f3lo entienden con presi\u00f3n, con presi\u00f3n pol\u00edtica y presi\u00f3n de movilizaci\u00f3n, lo que ellos llaman \u2018m\u00fasculo\u2019\u201d, se\u00f1al\u00f3.<\/p>\n\n\n\n<p>Finalmente, el reconocido activista mexicano, quien organiz\u00f3 la Marcha Nacional por la Paz con Justicia y Dignidad en 2011, esto tras la muerte de su hijo, hizo hincapi\u00e9 en que es necesario recobrar la dignidad del pa\u00eds, antes de que la violencia arrebate a toda la poblaci\u00f3n el derecho a vivir.<\/p>\n","protected":false},"excerpt":{"rendered":"<p>Frente a la grave crisis de inseguridad que vive nuestro pa\u00eds, es necesario que la poblaci\u00f3n refuerce su capacidad de movilizaci\u00f3n y organizaci\u00f3n, pues se requiere obligar a las autoridades a actuar ante la desprotecci\u00f3n de la ciudadan\u00eda, apunt\u00f3 el escritor y activista, Javier Sicilia Zardain. Como parte del foro denominado \u201c\u00bfPor qu\u00e9 hemos llegado [&hellip;]<\/p>\n","protected":false},"author":4,"featured_media":33790,"comment_status":"open","ping_status":"open","sticky":false,"template":"","format":"standard","meta":{"om_disable_all_campaigns":false,"_monsterinsights_skip_tracking":false,"_monsterinsights_sitenote_active":false,"_monsterinsights_sitenote_note":"","_monsterinsights_sitenote_category":0,"footnotes":""},"categories":[176],"tags":[],"class_list":["post-33789","post","type-post","status-publish","format-standard","has-post-thumbnail","hentry","category-nacional"],"amp_enabled":true,"_links":{"self":[{"href":"https:\/\/lahora.mx\/index.php\/wp-json\/wp\/v2\/posts\/33789","targetHints":{"allow":["GET"]}}],"collection":[{"href":"https:\/\/lahora.mx\/index.php\/wp-json\/wp\/v2\/posts"}],"about":[{"href":"https:\/\/lahora.mx\/index.php\/wp-json\/wp\/v2\/types\/post"}],"author":[{"embeddable":true,"href":"https:\/\/lahora.mx\/index.php\/wp-json\/wp\/v2\/users\/4"}],"replies":[{"embeddable":true,"href":"https:\/\/lahora.mx\/index.php\/wp-json\/wp\/v2\/comments?post=33789"}],"version-history":[{"count":1,"href":"https:\/\/lahora.mx\/index.php\/wp-json\/wp\/v2\/posts\/33789\/revisions"}],"predecessor-version":[{"id":33791,"href":"https:\/\/lahora.mx\/index.php\/wp-json\/wp\/v2\/posts\/33789\/revisions\/33791"}],"wp:featuredmedia":[{"embeddable":true,"href":"https:\/\/lahora.mx\/index.php\/wp-json\/wp\/v2\/media\/33790"}],"wp:attachment":[{"href":"https:\/\/lahora.mx\/index.php\/wp-json\/wp\/v2\/media?parent=33789"}],"wp:term":[{"taxonomy":"category","embeddable":true,"href":"https:\/\/lahora.mx\/index.php\/wp-json\/wp\/v2\/categories?post=33789"},{"taxonomy":"post_tag","embeddable":true,"href":"https:\/\/lahora.mx\/index.php\/wp-json\/wp\/v2\/tags?post=33789"}],"curies":[{"name":"wp","href":"https:\/\/api.w.org\/{rel}","templated":true}]}}