{"id":33720,"date":"2023-09-21T01:03:45","date_gmt":"2023-09-21T01:03:45","guid":{"rendered":"http:\/\/lahora.mx\/?p=33720"},"modified":"2023-09-21T01:03:46","modified_gmt":"2023-09-21T01:03:46","slug":"se-confrontan-diputados-del-pri-y-morena-por-paquete-economico","status":"publish","type":"post","link":"https:\/\/lahora.mx\/index.php\/2023\/09\/21\/se-confrontan-diputados-del-pri-y-morena-por-paquete-economico\/","title":{"rendered":"Se confrontan diputados del PRI y Morena por Paquete Econ\u00f3mico"},"content":{"rendered":"\n<p>Esta tarde, durante la comparecencia del secretario de Hacienda y Cr\u00e9dito P\u00fablico (SHCP), Rogelio Ram\u00edrez de la O, diputados del PRI y de Morena se confrontaron por los recortes que el gobierno federal realiz\u00f3 a los sectores de salud y al campo en el Paquete Econ\u00f3mico 2024.<\/p>\n\n\n\n<p>Legisladores del tricolor subieron a tribuna con mantas que dec\u00eda: \u201cEl campo agoniza por tu culpa secretario\u201d, \u201c\u00bfCu\u00e1ntas muertes m\u00e1s? Secretario, falta presupuesto para salud\u201d, y \u201c25 estados sin presupuesto para carreteras\u201d.<\/p>\n\n\n\n<p>Conato de bronca durante la comparecencia del titular de SHCP Rogelio Ram\u00edrez de la O, ante el pleno de C\u00e1mara de Diputados. Fotos: Berenice Fregoso\/EL UNIVERSAL<br>Conato de bronca durante la comparecencia del titular de SHCP Rogelio Ram\u00edrez de la O, ante el pleno de C\u00e1mara de Diputados. Fotos: Berenice Fregoso\/EL UNIVERSAL<\/p>\n\n\n\n<p>Lo que provoc\u00f3 que los diputados guindas empezaran a gritar \u201cno al Fobaproa\u201d al orador, el diputado Yerico Abramo Masso, quien se encontraba exponiendo su an\u00e1lisis al Proyecto de Presupuesto de Egresos para 2024.<br>Los priistas respondieron: \u00abSegalmex, Segalmex\u00bb, lo que deriv\u00f3 en que al final, los morenistas dejaran sus curules y fueran a confrontar directamente a los priistas en tribuna. La diputada trans Mar\u00eda Clemente Garc\u00eda les grit\u00f3 a los priistas que se encontraban sosteniendo las mantas: \u201cAmarren a sus perras\u201d.<\/p>\n\n\n\n<p>La presidenta de la Mesa Directiva, Marcela Guerra, tuvo que dictar un receso para que los \u00e1nimos se calmaran.<\/p>\n","protected":false},"excerpt":{"rendered":"<p>Esta tarde, durante la comparecencia del secretario de Hacienda y Cr\u00e9dito P\u00fablico (SHCP), Rogelio Ram\u00edrez de la O, diputados del PRI y de Morena se confrontaron por los recortes que el gobierno federal realiz\u00f3 a los sectores de salud y al campo en el Paquete Econ\u00f3mico 2024. Legisladores del tricolor subieron a tribuna con mantas [&hellip;]<\/p>\n","protected":false},"author":4,"featured_media":33721,"comment_status":"open","ping_status":"open","sticky":false,"template":"","format":"standard","meta":{"om_disable_all_campaigns":false,"_monsterinsights_skip_tracking":false,"_monsterinsights_sitenote_active":false,"_monsterinsights_sitenote_note":"","_monsterinsights_sitenote_category":0,"footnotes":""},"categories":[176],"tags":[],"class_list":["post-33720","post","type-post","status-publish","format-standard","has-post-thumbnail","hentry","category-nacional"],"amp_enabled":true,"_links":{"self":[{"href":"https:\/\/lahora.mx\/index.php\/wp-json\/wp\/v2\/posts\/33720","targetHints":{"allow":["GET"]}}],"collection":[{"href":"https:\/\/lahora.mx\/index.php\/wp-json\/wp\/v2\/posts"}],"about":[{"href":"https:\/\/lahora.mx\/index.php\/wp-json\/wp\/v2\/types\/post"}],"author":[{"embeddable":true,"href":"https:\/\/lahora.mx\/index.php\/wp-json\/wp\/v2\/users\/4"}],"replies":[{"embeddable":true,"href":"https:\/\/lahora.mx\/index.php\/wp-json\/wp\/v2\/comments?post=33720"}],"version-history":[{"count":1,"href":"https:\/\/lahora.mx\/index.php\/wp-json\/wp\/v2\/posts\/33720\/revisions"}],"predecessor-version":[{"id":33722,"href":"https:\/\/lahora.mx\/index.php\/wp-json\/wp\/v2\/posts\/33720\/revisions\/33722"}],"wp:featuredmedia":[{"embeddable":true,"href":"https:\/\/lahora.mx\/index.php\/wp-json\/wp\/v2\/media\/33721"}],"wp:attachment":[{"href":"https:\/\/lahora.mx\/index.php\/wp-json\/wp\/v2\/media?parent=33720"}],"wp:term":[{"taxonomy":"category","embeddable":true,"href":"https:\/\/lahora.mx\/index.php\/wp-json\/wp\/v2\/categories?post=33720"},{"taxonomy":"post_tag","embeddable":true,"href":"https:\/\/lahora.mx\/index.php\/wp-json\/wp\/v2\/tags?post=33720"}],"curies":[{"name":"wp","href":"https:\/\/api.w.org\/{rel}","templated":true}]}}