{"id":33714,"date":"2023-09-21T00:25:47","date_gmt":"2023-09-21T00:25:47","guid":{"rendered":"http:\/\/lahora.mx\/?p=33714"},"modified":"2023-09-21T00:25:48","modified_gmt":"2023-09-21T00:25:48","slug":"se-reunen-en-tlaxcala-procuradores-y-fiscales","status":"publish","type":"post","link":"https:\/\/lahora.mx\/index.php\/2023\/09\/21\/se-reunen-en-tlaxcala-procuradores-y-fiscales\/","title":{"rendered":"Se re\u00fanen en Tlaxcala procuradores y fiscales"},"content":{"rendered":"\n<p>Capacitaci\u00f3n peri\u00f3dica para los servidores p\u00fablicos y el fortalecimiento de las investigaciones para la correcta impartici\u00f3n de justicia y protecci\u00f3n del inocente fue el ofrecimiento de las autoridades de seguridad de la regi\u00f3n centro del pa\u00eds, durante la Segunda Sesi\u00f3n Ordinaria de la Conferencia Nacional de Procuraci\u00f3n de Justicia, celebrada en Tlaxcala.<\/p>\n\n\n\n<p>En este gobierno atendemos incidencia y se combate de manera frontal a la delincuencia: Segob<br>El fiscal Especializado de Control Regional, Germ\u00e1n Adolfo Castillo Banuet, admiti\u00f3 que las fiscal\u00edas y procuradur\u00edas de la regi\u00f3n centro a\u00fan requieren capacitaci\u00f3n constante, pues los juzgadores aplican criterios dispares en ciertos rubros, como es la prisi\u00f3n preventiva oficiosa.<\/p>\n\n\n\n<p>Las fiscal\u00edas estamos fortaleciendo acciones para lograr la prisi\u00f3n preventiva en los procesos penales, mediante la capacitaci\u00f3n y formaci\u00f3n continua de los agentes del Ministerio P\u00fablico y la adopci\u00f3n de mejores estrategias de investigaci\u00f3n del riesgo<br>, declar\u00f3.<\/p>\n\n\n\n<p>Otra \u00e1rea de oportunidad -admiti\u00f3- es contar con mecanismos eficientes de protecci\u00f3n de testigos de la acusaci\u00f3n, pues el sistema requiere una declaraci\u00f3n eficiente y con ello lograr condenas efectivas.<\/p>\n\n\n\n<p>Una falla m\u00e1s, dijo, es que no existe una homologaci\u00f3n en criterios judiciales entre las fiscal\u00edas o procuradur\u00edas, lo cual da herramientas a las defensas de los imputados y logran fallos a su favor, dejando desprotegidas a las v\u00edctimas del delito.<br>Por otro lado, Castillo Banuet asever\u00f3 que existen fortalezas importantes en el sistema de justicia de las entidades, como el intercambio de informaci\u00f3n sobre veh\u00edculos robados, el cual ha dado resultados contundentes. En tanto, la Encuesta Nacional de Victimizaci\u00f3n y Percepci\u00f3n sobre Seguridad P\u00fablica 2023 report\u00f3 una mejor\u00eda en la percepci\u00f3n ciudadana.<\/p>\n\n\n\n<p>Coment\u00f3 que en Tlaxcala han incautado inmuebles que pertenec\u00edan a un grupo criminal dedicado al robo de autotransporte, quienes violaron la Ley Federal de Armas de Fuego, as\u00ed como delitos en materia de hidrocarburos, cuyos integrantes ya fueron procesados.<\/p>\n\n\n\n<p>Asever\u00f3 que en la entidad han obtenido sentencias condenatorias importantes, como aquella de 90 a\u00f1os de prisi\u00f3n por trata de personas con fines de explotaci\u00f3n sexual; la de 69 a\u00f1os por robo de autotransporte federal de carga, asociaci\u00f3n delictuosa y secuestro expr\u00e9s.<\/p>\n\n\n\n<p>SE RECUPERAR\u00c1 LA CONFIANZA CIUDADANA: PROCURADORA<br>Por su lado, la Procuradora de Tlaxcala, Ernestina Carro Rold\u00e1n, puso en la mesa dos retos: el primero de ellos relacionado con recuperar la confianza ciudadana y el segundo con la necesidad de restaurar la paz social que se perdi\u00f3 en administraciones pasadas.<\/p>\n\n\n\n<p>Resalt\u00f3 la coordinaci\u00f3n entre fiscal\u00edas de las entidades y el apoyo recibido de las instituciones ministeriales, de seguridad p\u00fablica, de los Poderes Judicial y Legislativo, adem\u00e1s de las fuerzas armadas.<\/p>\n\n\n\n<p>Sostuvo que seguir\u00e1n implementando acciones y estrategias para fomentar la denuncia, fortalecer las capacidades de investigaci\u00f3n de delitos y reducir a su m\u00e1xima expresi\u00f3n la impunidad.<\/p>\n\n\n\n<p>Agreg\u00f3 que proteger\u00e1 a las personas servidoras p\u00fablicas que arriesgan su vida para lograr impartici\u00f3n de justicia, pero en el marco de la legalidad, corresponsabilidad y colaboraci\u00f3n.<br>En su intervenci\u00f3n, la gobernadora Lorena Cu\u00e9llar Cisneros destac\u00f3 que las mesas de seguridad representan una gran oportunidad de fortalecer los lazos de colaboraci\u00f3n y sirven para hallar soluciones que ayudan a preservar la paz y tranquilidad de la ciudadan\u00eda.<\/p>\n\n\n\n<p>Ofreci\u00f3 el respaldo de su gobierno para contribuir al bienestar y a la justicia social, pues considera que la colaboraci\u00f3n y la suma de esfuerzos es la ruta adecuada para conseguir pol\u00edticas p\u00fablicas exitosas en materia de seguridad.<\/p>\n\n\n\n<p>Record\u00f3 la puesta en marcha del Centro de Control, Comando, Comunicaciones, C\u00f3mputo, Coordinaci\u00f3n e Inteligencia (C5i), que ha servido para salvar vidas y proteger el patrimonio de la sociedad.<\/p>\n\n\n\n<p>Hemos dado pasos contundentes en materia de combate a la corrupci\u00f3n y favorecemos un esquema de trabajo que privilegia la colaboraci\u00f3n institucional y la coordinaci\u00f3n de acciones para la investigaci\u00f3n del delito y el combate a la delincuencia, pero que prioriza y respeta la autonom\u00eda de las instituciones<br>, sentenci\u00f3.<\/p>\n\n\n\n<p>Finalmente, resalt\u00f3 que Tlaxcala goza de ser entidad con menor \u00edndice delictivo del pa\u00eds, lo cual le permiti\u00f3 fortalecer el turismo y la actividad econ\u00f3mica, as\u00ed como proyectar a la entidad hacia los planos nacionales e internacionales, ejemplo de ello es el Mundial de Voleibol de Playa 2023.<\/p>\n\n\n\n<p>En 2018 acordaron conformar un instrumento interoperable en el sistema inform\u00e1tico Nacional para el suministro, intercambio y operaci\u00f3n de informaci\u00f3n de veh\u00edculos robados para su localizaci\u00f3n, recuperaci\u00f3n y devoluci\u00f3n.<\/p>\n","protected":false},"excerpt":{"rendered":"<p>Capacitaci\u00f3n peri\u00f3dica para los servidores p\u00fablicos y el fortalecimiento de las investigaciones para la correcta impartici\u00f3n de justicia y protecci\u00f3n del inocente fue el ofrecimiento de las autoridades de seguridad de la regi\u00f3n centro del pa\u00eds, durante la Segunda Sesi\u00f3n Ordinaria de la Conferencia Nacional de Procuraci\u00f3n de Justicia, celebrada en Tlaxcala. En este gobierno [&hellip;]<\/p>\n","protected":false},"author":4,"featured_media":33715,"comment_status":"open","ping_status":"open","sticky":false,"template":"","format":"standard","meta":{"om_disable_all_campaigns":false,"_monsterinsights_skip_tracking":false,"_monsterinsights_sitenote_active":false,"_monsterinsights_sitenote_note":"","_monsterinsights_sitenote_category":0,"footnotes":""},"categories":[175],"tags":[223,210],"class_list":["post-33714","post","type-post","status-publish","format-standard","has-post-thumbnail","hentry","category-local","tag-puebla","tag-tlaxcala"],"amp_enabled":true,"_links":{"self":[{"href":"https:\/\/lahora.mx\/index.php\/wp-json\/wp\/v2\/posts\/33714","targetHints":{"allow":["GET"]}}],"collection":[{"href":"https:\/\/lahora.mx\/index.php\/wp-json\/wp\/v2\/posts"}],"about":[{"href":"https:\/\/lahora.mx\/index.php\/wp-json\/wp\/v2\/types\/post"}],"author":[{"embeddable":true,"href":"https:\/\/lahora.mx\/index.php\/wp-json\/wp\/v2\/users\/4"}],"replies":[{"embeddable":true,"href":"https:\/\/lahora.mx\/index.php\/wp-json\/wp\/v2\/comments?post=33714"}],"version-history":[{"count":1,"href":"https:\/\/lahora.mx\/index.php\/wp-json\/wp\/v2\/posts\/33714\/revisions"}],"predecessor-version":[{"id":33716,"href":"https:\/\/lahora.mx\/index.php\/wp-json\/wp\/v2\/posts\/33714\/revisions\/33716"}],"wp:featuredmedia":[{"embeddable":true,"href":"https:\/\/lahora.mx\/index.php\/wp-json\/wp\/v2\/media\/33715"}],"wp:attachment":[{"href":"https:\/\/lahora.mx\/index.php\/wp-json\/wp\/v2\/media?parent=33714"}],"wp:term":[{"taxonomy":"category","embeddable":true,"href":"https:\/\/lahora.mx\/index.php\/wp-json\/wp\/v2\/categories?post=33714"},{"taxonomy":"post_tag","embeddable":true,"href":"https:\/\/lahora.mx\/index.php\/wp-json\/wp\/v2\/tags?post=33714"}],"curies":[{"name":"wp","href":"https:\/\/api.w.org\/{rel}","templated":true}]}}