{"id":33581,"date":"2023-09-19T00:19:47","date_gmt":"2023-09-19T00:19:47","guid":{"rendered":"http:\/\/lahora.mx\/?p=33581"},"modified":"2023-09-19T00:19:47","modified_gmt":"2023-09-19T00:19:47","slug":"tlaxcala-se-ha-recuperado-en-alimentacion-nutritiva-y-pobreza-laboral-menciona-jose-nabor-secretario-ejecutivo-del-coneval","status":"publish","type":"post","link":"https:\/\/lahora.mx\/index.php\/2023\/09\/19\/tlaxcala-se-ha-recuperado-en-alimentacion-nutritiva-y-pobreza-laboral-menciona-jose-nabor-secretario-ejecutivo-del-coneval\/","title":{"rendered":"Tlaxcala se ha recuperado en alimentaci\u00f3n nutritiva y pobreza laboral menciona Jos\u00e9 Nabor secretario ejecutivo del Coneval"},"content":{"rendered":"\n<p>El secretario ejecutivo del Coneval, Jos\u00e9 Nabor Cruz Marcelo, sostuvo que Tlaxcala se ha recuperado en temas de acceso a alimentaci\u00f3n nutritiva y pobreza laboral, pues los datos de personas en esas carencias son menores con respecto al inicio y durante la pandemia por Covid 19.<\/p>\n\n\n\n<p>Y es que bajo la l\u00f3gica de que tener al menos una carencia social es estar en pobreza multidimensional y sufrir tres es pobreza extrema, el Consejo Nacional de Evaluaci\u00f3n de la Pol\u00edtica de Desarrollo Social (Coneval), identific\u00f3 que las principales carencias en Tlaxcala son falta de acceso a seguridad social, inaccesibilidad a servicios de salud y a una alimentaci\u00f3n de calidad, no obstante que esta \u00faltima se redujo en 10 puntos entre 2020 y 2022.<\/p>\n\n\n\n<p>Al presentar el informe correspondiente a la entidad tlaxcalteca que cuenta con 1.3 millones de habitantes, el secretario, dio a conocer que el 52.3 por ciento de la poblaci\u00f3n vive situaciones de pobreza multidimensional, mientras que el 6.8 por ciento en pobreza extrema; en ambos casos, las cifras son inferiores a la media nacional.<\/p>\n\n\n\n<p>Fue en el Teatro Xicoht\u00e9ncatl donde este lunes se llev\u00f3 a cabo la presentaci\u00f3n de resultados de la m\u00e1s reciente evaluaci\u00f3n levantada entre agosto y noviembre de 2022, los cuales fueron tomados en nota por la gobernadora, Lorena Cu\u00e9llar Cisneros, junto con sus colaboradoras y colaboradores de Bienestar, Finanzas y representantes del Poder Legislativo, para reforzar las acciones para transitar hacia la reducci\u00f3n de la pobreza.<br>Cruz Marcelo subray\u00f3 que el enfoque multidimensional de la pobreza toma en cuenta el ingreso promedio en los hogares por encima de la l\u00ednea de la pobreza, que actualmente es de mil 650 pesos mensuales en el \u00e1rea rural y 2 mil 50 pesos en el medio urbano, en donde se ubica el 44.6 por ciento de la poblaci\u00f3n de Tlaxcala.<\/p>\n\n\n\n<p>Asimismo, la carencia por acceso a seguridad social que la sufren el 61.9 por ciento de los tlaxcaltecas; el 45.2 por ciento carece de acceso a servicios de salud; el 6 por ciento carencia alimentaria; el 6.7 por ciento tiene carencias de vivienda; mientras que el 19.8 por ciento de los ciudadanos entre 3 y 21 a\u00f1os est\u00e1n sin la educaci\u00f3n primaria terminada.<\/p>\n\n\n\n<p>En su intervenci\u00f3n ante integrantes de su gabinete, alcaldes y legisladores, la gobernadora, Lorena Cu\u00e9llar, sostuvo que los datos del Coneval le ayudan a su administraci\u00f3n a concentrar los esfuerzos en favor de las familias m\u00e1s desfavorecidas, muestra de ello es que entre 2020 y 2022, 80 mil personas salieron de la pobreza extrema.<\/p>\n\n\n\n<p>\u201cEs incre\u00edble que siendo un Estado peque\u00f1o y con accesibilidad, Tlaxcala tuviera altos \u00edndices de pobreza como resultado de pol\u00edticas injustas y excluyentes, por eso, en esta nueva historia lo m\u00e1s importante es tomar en cuenta a las familias m\u00e1s desfavorecidas\u201d.<\/p>\n\n\n\n<p>En ese tenor, inform\u00f3, entre otras cosas, que en 35 municipios ya se levant\u00f3 bandera blanca en materia de acceso al agua potable, se dot\u00f3 a 2 mil 202 hogares con sistemas para obtener el vital l\u00edquido y se dot\u00f3 de energ\u00eda sustentable a 3 mil 443 personas en 47 municipios.<\/p>\n","protected":false},"excerpt":{"rendered":"<p>El secretario ejecutivo del Coneval, Jos\u00e9 Nabor Cruz Marcelo, sostuvo que Tlaxcala se ha recuperado en temas de acceso a alimentaci\u00f3n nutritiva y pobreza laboral, pues los datos de personas en esas carencias son menores con respecto al inicio y durante la pandemia por Covid 19. Y es que bajo la l\u00f3gica de que tener [&hellip;]<\/p>\n","protected":false},"author":4,"featured_media":33582,"comment_status":"open","ping_status":"open","sticky":false,"template":"","format":"standard","meta":{"om_disable_all_campaigns":false,"_monsterinsights_skip_tracking":false,"_monsterinsights_sitenote_active":false,"_monsterinsights_sitenote_note":"","_monsterinsights_sitenote_category":0,"footnotes":""},"categories":[175],"tags":[223,210],"class_list":["post-33581","post","type-post","status-publish","format-standard","has-post-thumbnail","hentry","category-local","tag-puebla","tag-tlaxcala"],"amp_enabled":true,"_links":{"self":[{"href":"https:\/\/lahora.mx\/index.php\/wp-json\/wp\/v2\/posts\/33581","targetHints":{"allow":["GET"]}}],"collection":[{"href":"https:\/\/lahora.mx\/index.php\/wp-json\/wp\/v2\/posts"}],"about":[{"href":"https:\/\/lahora.mx\/index.php\/wp-json\/wp\/v2\/types\/post"}],"author":[{"embeddable":true,"href":"https:\/\/lahora.mx\/index.php\/wp-json\/wp\/v2\/users\/4"}],"replies":[{"embeddable":true,"href":"https:\/\/lahora.mx\/index.php\/wp-json\/wp\/v2\/comments?post=33581"}],"version-history":[{"count":1,"href":"https:\/\/lahora.mx\/index.php\/wp-json\/wp\/v2\/posts\/33581\/revisions"}],"predecessor-version":[{"id":33583,"href":"https:\/\/lahora.mx\/index.php\/wp-json\/wp\/v2\/posts\/33581\/revisions\/33583"}],"wp:featuredmedia":[{"embeddable":true,"href":"https:\/\/lahora.mx\/index.php\/wp-json\/wp\/v2\/media\/33582"}],"wp:attachment":[{"href":"https:\/\/lahora.mx\/index.php\/wp-json\/wp\/v2\/media?parent=33581"}],"wp:term":[{"taxonomy":"category","embeddable":true,"href":"https:\/\/lahora.mx\/index.php\/wp-json\/wp\/v2\/categories?post=33581"},{"taxonomy":"post_tag","embeddable":true,"href":"https:\/\/lahora.mx\/index.php\/wp-json\/wp\/v2\/tags?post=33581"}],"curies":[{"name":"wp","href":"https:\/\/api.w.org\/{rel}","templated":true}]}}