{"id":33578,"date":"2023-09-19T00:16:40","date_gmt":"2023-09-19T00:16:40","guid":{"rendered":"http:\/\/lahora.mx\/?p=33578"},"modified":"2023-09-19T00:16:41","modified_gmt":"2023-09-19T00:16:41","slug":"verifica-la-gobernadora-lorena-cuellar-las-condiciones-de-la-plaza-de-la-constitucion-previo-al-mundial-de-voli","status":"publish","type":"post","link":"https:\/\/lahora.mx\/index.php\/2023\/09\/19\/verifica-la-gobernadora-lorena-cuellar-las-condiciones-de-la-plaza-de-la-constitucion-previo-al-mundial-de-voli\/","title":{"rendered":"Verifica la gobernadora Lorena Cu\u00e9llar las condiciones de la Plaza de la Constituci\u00f3n, previo al Mundial de Voli"},"content":{"rendered":"\n<p>La gobernadora Lorena Cu\u00e9llar Cisneros encabez\u00f3 un recorrido de verificaci\u00f3n en el Centro Hist\u00f3rico, para verificar las condiciones en las que se encuentra el espacio previo al Campeonato Mundial de Voleibol.<\/p>\n\n\n\n<p>Acompa\u00f1ada del titular de la Secretar\u00eda de Infraestructura, Alfonso S\u00e1nchez Garc\u00eda, transit\u00f3 por la Plaza de la Constituci\u00f3n para verificar las condiciones de las jardineras y girar instrucciones de que se emprendan los trabajos para mejorar la imagen urbana.<\/p>\n\n\n\n<p>A 17 d\u00edas de que se desarrolle la justa deportiva a nivel mundial, que tendr\u00e1 sede en la entidad tlaxcalteca, del 5 al 15 de octubre, en los municipios de Tlaxcala, Apizaco y Huamantla.<\/p>\n\n\n\n<p>La mandataria estatal tambi\u00e9n corrobor\u00f3 las condiciones en las que se encuentran los monumentos hist\u00f3ricos que fueron afectados el pasado 8 de marzo, durante la movilizaci\u00f3n de algunos grupos de mujeres.<\/p>\n\n\n\n<p>En el recorrido, la mandataria estatal en conjunto con personal del Ayuntamiento de Tlaxcala acordaron dar mantenimiento correctivo a las l\u00e1mparas y decoraciones de las jardineras, que registran algunas da\u00f1os.<\/p>\n\n\n\n<p>La denominada \u00abfuente hundida\u00bb ser\u00e1 otro de los monumentos que ser\u00e1 atendido y que tendr\u00e1 que quedar concluido antes de que arranque el encuentro deportivo, as\u00ed como la parte superior de la fachada de Palacio de Gobierno.<\/p>\n","protected":false},"excerpt":{"rendered":"<p>La gobernadora Lorena Cu\u00e9llar Cisneros encabez\u00f3 un recorrido de verificaci\u00f3n en el Centro Hist\u00f3rico, para verificar las condiciones en las que se encuentra el espacio previo al Campeonato Mundial de Voleibol. Acompa\u00f1ada del titular de la Secretar\u00eda de Infraestructura, Alfonso S\u00e1nchez Garc\u00eda, transit\u00f3 por la Plaza de la Constituci\u00f3n para verificar las condiciones de las [&hellip;]<\/p>\n","protected":false},"author":4,"featured_media":33579,"comment_status":"open","ping_status":"open","sticky":false,"template":"","format":"standard","meta":{"om_disable_all_campaigns":false,"_monsterinsights_skip_tracking":false,"_monsterinsights_sitenote_active":false,"_monsterinsights_sitenote_note":"","_monsterinsights_sitenote_category":0,"footnotes":""},"categories":[175],"tags":[223,210],"class_list":["post-33578","post","type-post","status-publish","format-standard","has-post-thumbnail","hentry","category-local","tag-puebla","tag-tlaxcala"],"amp_enabled":true,"_links":{"self":[{"href":"https:\/\/lahora.mx\/index.php\/wp-json\/wp\/v2\/posts\/33578","targetHints":{"allow":["GET"]}}],"collection":[{"href":"https:\/\/lahora.mx\/index.php\/wp-json\/wp\/v2\/posts"}],"about":[{"href":"https:\/\/lahora.mx\/index.php\/wp-json\/wp\/v2\/types\/post"}],"author":[{"embeddable":true,"href":"https:\/\/lahora.mx\/index.php\/wp-json\/wp\/v2\/users\/4"}],"replies":[{"embeddable":true,"href":"https:\/\/lahora.mx\/index.php\/wp-json\/wp\/v2\/comments?post=33578"}],"version-history":[{"count":1,"href":"https:\/\/lahora.mx\/index.php\/wp-json\/wp\/v2\/posts\/33578\/revisions"}],"predecessor-version":[{"id":33580,"href":"https:\/\/lahora.mx\/index.php\/wp-json\/wp\/v2\/posts\/33578\/revisions\/33580"}],"wp:featuredmedia":[{"embeddable":true,"href":"https:\/\/lahora.mx\/index.php\/wp-json\/wp\/v2\/media\/33579"}],"wp:attachment":[{"href":"https:\/\/lahora.mx\/index.php\/wp-json\/wp\/v2\/media?parent=33578"}],"wp:term":[{"taxonomy":"category","embeddable":true,"href":"https:\/\/lahora.mx\/index.php\/wp-json\/wp\/v2\/categories?post=33578"},{"taxonomy":"post_tag","embeddable":true,"href":"https:\/\/lahora.mx\/index.php\/wp-json\/wp\/v2\/tags?post=33578"}],"curies":[{"name":"wp","href":"https:\/\/api.w.org\/{rel}","templated":true}]}}