{"id":33565,"date":"2023-09-19T00:06:22","date_gmt":"2023-09-19T00:06:22","guid":{"rendered":"http:\/\/lahora.mx\/?p=33565"},"modified":"2023-09-19T00:06:22","modified_gmt":"2023-09-19T00:06:22","slug":"ebrard-anuncia-formacion-de-asociacion-civil-no-de-partido-politico","status":"publish","type":"post","link":"https:\/\/lahora.mx\/index.php\/2023\/09\/19\/ebrard-anuncia-formacion-de-asociacion-civil-no-de-partido-politico\/","title":{"rendered":"Ebrard anuncia formaci\u00f3n de asociaci\u00f3n civil, \u00abno de partido pol\u00edtico\u00bb"},"content":{"rendered":"\n<p>Este lunes 18 de septiembre, el exaspirante a candidato presidencial de Morena, Marcelo Ebrard, anunci\u00f3 la conformaci\u00f3n de la asociaci\u00f3n civil \u00abEl Camino de M\u00e9xico\u00bb.<br>Al no ser electo como dirigente nacional por la defensa de la Cuarta Transformaci\u00f3n, Ebrard decidi\u00f3 continuar su rumbo por las elecciones de 2024 solo con su equipo de trabajo.<\/p>\n\n\n\n<p>Durante una reuni\u00f3n con militantes, incluidos algunos legisladores federales y locales, Marcelo Ebrard subray\u00f3 que no est\u00e1 formando un partido pol\u00edtico \u201cporque los partidos no se pueden formar ahorita\u201d.<\/p>\n\n\n\n<p>Asegur\u00f3 que form\u00f3 la asociaci\u00f3n civil porque \u201ces la forma de organizarse, somos un movimiento pol\u00edtico, eso es lo que somos, pero necesitamos tener nuestra propia forma de organizaci\u00f3n\u201d.<\/p>\n\n\n\n<p>\u00abNunca los voy a defraudar. El que quiera participar, bienvenida, bienvenido. Vamos a firmar, es nuestro movimiento y vamos a llevar a donde queremos llegar. Ese es el camino de M\u00e9xico\u00bb, expres\u00f3.<br>El excanciller fue celebrado por sus simpatizantes al grito de \u00ab\u00a1Presidente!\u00bb, \u00ab\u00a1Presidente!\u00bb.<\/p>\n\n\n\n<p>Tras perder la encuesta de Morena, Marcelo Ebrard interpuso una impugnaci\u00f3n del proceso ante la Comisi\u00f3n Nacional de Honestidad y Justicia, que est\u00e1 analizando si acepta o no la queja.<\/p>\n","protected":false},"excerpt":{"rendered":"<p>Este lunes 18 de septiembre, el exaspirante a candidato presidencial de Morena, Marcelo Ebrard, anunci\u00f3 la conformaci\u00f3n de la asociaci\u00f3n civil \u00abEl Camino de M\u00e9xico\u00bb.Al no ser electo como dirigente nacional por la defensa de la Cuarta Transformaci\u00f3n, Ebrard decidi\u00f3 continuar su rumbo por las elecciones de 2024 solo con su equipo de trabajo. Durante [&hellip;]<\/p>\n","protected":false},"author":4,"featured_media":33566,"comment_status":"open","ping_status":"open","sticky":false,"template":"","format":"standard","meta":{"om_disable_all_campaigns":false,"_monsterinsights_skip_tracking":false,"_monsterinsights_sitenote_active":false,"_monsterinsights_sitenote_note":"","_monsterinsights_sitenote_category":0,"footnotes":""},"categories":[176],"tags":[],"class_list":["post-33565","post","type-post","status-publish","format-standard","has-post-thumbnail","hentry","category-nacional"],"amp_enabled":true,"_links":{"self":[{"href":"https:\/\/lahora.mx\/index.php\/wp-json\/wp\/v2\/posts\/33565","targetHints":{"allow":["GET"]}}],"collection":[{"href":"https:\/\/lahora.mx\/index.php\/wp-json\/wp\/v2\/posts"}],"about":[{"href":"https:\/\/lahora.mx\/index.php\/wp-json\/wp\/v2\/types\/post"}],"author":[{"embeddable":true,"href":"https:\/\/lahora.mx\/index.php\/wp-json\/wp\/v2\/users\/4"}],"replies":[{"embeddable":true,"href":"https:\/\/lahora.mx\/index.php\/wp-json\/wp\/v2\/comments?post=33565"}],"version-history":[{"count":1,"href":"https:\/\/lahora.mx\/index.php\/wp-json\/wp\/v2\/posts\/33565\/revisions"}],"predecessor-version":[{"id":33567,"href":"https:\/\/lahora.mx\/index.php\/wp-json\/wp\/v2\/posts\/33565\/revisions\/33567"}],"wp:featuredmedia":[{"embeddable":true,"href":"https:\/\/lahora.mx\/index.php\/wp-json\/wp\/v2\/media\/33566"}],"wp:attachment":[{"href":"https:\/\/lahora.mx\/index.php\/wp-json\/wp\/v2\/media?parent=33565"}],"wp:term":[{"taxonomy":"category","embeddable":true,"href":"https:\/\/lahora.mx\/index.php\/wp-json\/wp\/v2\/categories?post=33565"},{"taxonomy":"post_tag","embeddable":true,"href":"https:\/\/lahora.mx\/index.php\/wp-json\/wp\/v2\/tags?post=33565"}],"curies":[{"name":"wp","href":"https:\/\/api.w.org\/{rel}","templated":true}]}}