{"id":3319,"date":"2022-02-20T01:36:29","date_gmt":"2022-02-20T01:36:29","guid":{"rendered":"http:\/\/lahora.mx\/?p=3319"},"modified":"2022-02-20T01:36:30","modified_gmt":"2022-02-20T01:36:30","slug":"procesan-a-saul-huerta-ahora-en-puebla-pero-sigue-preso-en-cdmx","status":"publish","type":"post","link":"https:\/\/lahora.mx\/index.php\/2022\/02\/20\/procesan-a-saul-huerta-ahora-en-puebla-pero-sigue-preso-en-cdmx\/","title":{"rendered":"Procesan a Sa\u00fal Huerta ahora en Puebla, pero sigue preso en CDMX"},"content":{"rendered":"\n<p>El exdiputado federal de Morena&nbsp;<strong>Sa\u00fal Benjam\u00edn Huerta Corona<\/strong>&nbsp;fue vinculado a proceso ahora en Puebla,&nbsp;<strong>por violaci\u00f3n y abuso sexual<\/strong>&nbsp;contra menores de edad, que se suman a los cargos que enfrenta por&nbsp;<strong>violaci\u00f3n equiparada en la Ciudad de M\u00e9xico<\/strong>, donde se encuentra preso.<\/p>\n\n\n\n<p>Una semana despu\u00e9s de que el gobernador\u00a0<strong>Luis Miguel Barbosa Huerta<\/strong>\u00a0revel\u00f3 que el exdiputado tambi\u00e9n fue denunciado en la entidad poblana por abuso sexual y violaci\u00f3n, la Fiscal\u00eda General del Estado (FGE) dio a conocer este <br>viernes los\u00a0<strong>dos procesos en su contra.<\/strong><br><\/p>\n\n\n\n<p>Huerta Corona se encuentra recluido en un penal de la Ciudad de M\u00e9xico y ya cuenta con una investigaci\u00f3n por el delito de&nbsp;<strong>violaci\u00f3n en agravio de un menor de edad<\/strong>. Tambi\u00e9n fue vinculado a proceso por abuso sexual contra un joven mayor de edad, pero&nbsp;<strong>gan\u00f3 un amparo que suspendi\u00f3 de forma provisional&nbsp;<\/strong>este segundo proceso.<\/p>\n\n\n\n<p>Esta noche la FGE inform\u00f3 en un comunicado que el exlegislador de Morena en 2018 agredi\u00f3 de forma sexual a un adolescente que en ese entonces\u00a0<strong>ten\u00eda 17 a\u00f1os y<\/strong>\u00a0<strong>era su chofer.<\/strong><br>Luego, en 2019, violent\u00f3 a un menor de<strong>\u00a016 a\u00f1os,\u00a0<\/strong>a qui\u00e9n enga\u00f1\u00f3 con la promesa de\u00a0<strong>ofrecerle una beca<\/strong>\u00a0de estudios.<br><\/p>\n\n\n\n<p>Con los datos de prueba obtenidos, la fiscal\u00eda de Puebla solicit\u00f3 las audiencias correspondientes y en ambos casos&nbsp;<strong>obtuvo el auto de vinculaci\u00f3n a proceso.<\/strong><\/p>\n\n\n\n<p>Estos casos son&nbsp;<strong>muy similares a lo ocurrido en la Ciudad de M\u00e9xico<\/strong>. La v\u00edctima es originaria de la ciudad de Puebla y la enganch\u00f3 en el tianguis conocido como<strong>&nbsp;\u201cLa Curva\u201d, en San Ram\u00f3n,&nbsp;<\/strong>cuando hac\u00eda campa\u00f1a para reelegirse por el distrito 11 de Puebla capital.<\/p>\n\n\n\n<p>Se llev\u00f3 al joven a la capital del pa\u00eds con la promesa de<strong>&nbsp;conseguirle trabajo y una beca<\/strong>&nbsp;para que continuara con sus estudios.<\/p>\n","protected":false},"excerpt":{"rendered":"<p>El exdiputado federal de Morena&nbsp;Sa\u00fal Benjam\u00edn Huerta Corona&nbsp;fue vinculado a proceso ahora en Puebla,&nbsp;por violaci\u00f3n y abuso sexual&nbsp;contra menores de edad, que se suman a los cargos que enfrenta por&nbsp;violaci\u00f3n equiparada en la Ciudad de M\u00e9xico, donde se encuentra preso. Una semana despu\u00e9s de que el gobernador\u00a0Luis Miguel Barbosa Huerta\u00a0revel\u00f3 que el exdiputado tambi\u00e9n fue [&hellip;]<\/p>\n","protected":false},"author":4,"featured_media":3320,"comment_status":"open","ping_status":"open","sticky":false,"template":"","format":"standard","meta":{"om_disable_all_campaigns":false,"_monsterinsights_skip_tracking":false,"_monsterinsights_sitenote_active":false,"_monsterinsights_sitenote_note":"","_monsterinsights_sitenote_category":0,"footnotes":""},"categories":[175,176],"tags":[],"class_list":["post-3319","post","type-post","status-publish","format-standard","has-post-thumbnail","hentry","category-local","category-nacional"],"amp_enabled":true,"_links":{"self":[{"href":"https:\/\/lahora.mx\/index.php\/wp-json\/wp\/v2\/posts\/3319","targetHints":{"allow":["GET"]}}],"collection":[{"href":"https:\/\/lahora.mx\/index.php\/wp-json\/wp\/v2\/posts"}],"about":[{"href":"https:\/\/lahora.mx\/index.php\/wp-json\/wp\/v2\/types\/post"}],"author":[{"embeddable":true,"href":"https:\/\/lahora.mx\/index.php\/wp-json\/wp\/v2\/users\/4"}],"replies":[{"embeddable":true,"href":"https:\/\/lahora.mx\/index.php\/wp-json\/wp\/v2\/comments?post=3319"}],"version-history":[{"count":1,"href":"https:\/\/lahora.mx\/index.php\/wp-json\/wp\/v2\/posts\/3319\/revisions"}],"predecessor-version":[{"id":3321,"href":"https:\/\/lahora.mx\/index.php\/wp-json\/wp\/v2\/posts\/3319\/revisions\/3321"}],"wp:featuredmedia":[{"embeddable":true,"href":"https:\/\/lahora.mx\/index.php\/wp-json\/wp\/v2\/media\/3320"}],"wp:attachment":[{"href":"https:\/\/lahora.mx\/index.php\/wp-json\/wp\/v2\/media?parent=3319"}],"wp:term":[{"taxonomy":"category","embeddable":true,"href":"https:\/\/lahora.mx\/index.php\/wp-json\/wp\/v2\/categories?post=3319"},{"taxonomy":"post_tag","embeddable":true,"href":"https:\/\/lahora.mx\/index.php\/wp-json\/wp\/v2\/tags?post=3319"}],"curies":[{"name":"wp","href":"https:\/\/api.w.org\/{rel}","templated":true}]}}