{"id":3316,"date":"2022-02-19T21:18:10","date_gmt":"2022-02-19T21:18:10","guid":{"rendered":"http:\/\/lahora.mx\/?p=3316"},"modified":"2022-02-20T01:11:46","modified_gmt":"2022-02-20T01:11:46","slug":"una-reduccion-del-20-de-estudiantes-tras-conflicto-en-la-udlap","status":"publish","type":"post","link":"https:\/\/lahora.mx\/index.php\/2022\/02\/19\/una-reduccion-del-20-de-estudiantes-tras-conflicto-en-la-udlap\/","title":{"rendered":"Una reducci\u00f3n del 20% de estudiantes tras conflicto en la UDLAP"},"content":{"rendered":"\n<p>En medio del conflicto legal por la posesi\u00f3n de las instalaciones de San Andr\u00e9s Cholula que comenz\u00f3 con el operativo del 29 de junio de 2021, la matr\u00edcula de la Universidad de las Am\u00e9ricas Puebla (Udlap) registr\u00f3 una reducci\u00f3n de m\u00e1s de 20 por ciento. Al cierre del ciclo escolar 2020-2022, la matr\u00edcula de la instituci\u00f3n de educaci\u00f3n superior de car\u00e1cter privado contaba con m\u00e1s de 10 mil estudiantes; mientras, en febrero de este a\u00f1o se tiene el registro de ocho mil estudiantes. <br>La reducci\u00f3n de m\u00e1s de dos mil estudiantes se relaciona con aquellos que eran de nuevo ingreso y decidieron darse baja ante los problemas judiciales en los que se encuentran dos patronatos y con los estudiantes que egresaron en julio y diciembre del a\u00f1o pasado. <br>Los alumnos que se encuentran en los \u00faltimos semestres o que postergaron materias en espera de poder tomar clases, talleres o pr\u00e1cticas de forma presencial, se encuentran preocupados y en medio de la incertidumbre porque no saben cu\u00e1ndo podr\u00e1n recibir su t\u00edtulo. David D\u00edaz, estudiante de las licenciaturas de Comunicaci\u00f3n e Imagen y Comunicaci\u00f3n y Producci\u00f3n Audiovisual de la Udlap, coment\u00f3 que en lugar de concluir sus estudios en nueve semestres, la pandemia y el conflicto lo han llevado a cursar el und\u00e9cimo. \u201cEstoy en el semestre 11, un poco retrasado por el tema de clases en l\u00ednea, pero pr\u00e1cticamente a nada de egresar. Para m\u00ed, hay un encuentro de sentimientos, el primero es mucha impotencia, desde el hecho de estar aqu\u00ed, tan cerca de la universidad y no poder entrar; y, hasta cierto punto cansancio porque llevamos clases, estamos aqu\u00ed en el campamento\u201d, manifest\u00f3. Mientras, integrantes de la comunidad de egresados se mantienen sin poder colocarse en el mercado laboral porque no pudieron completar sus tr\u00e1mites para obtener su t\u00edtulo y parte de sus documentos se quedaron dentro de las instalaciones. <br>\u201cSabemos que han estado saliendo t\u00edtulos, pero sabemos que hay gente que no pueden ejercer porque no tienen sus t\u00edtulos. Conozco m\u00e9dicos que no pueden ejercer porque les hace falta un papel para hacer su apostilla y su papel est\u00e1 aqu\u00ed adentro. Como este caso, hay cientos, miles de quienes est\u00e1n esperando sus papeles para poder ejercer o para estudiar alg\u00fan posgrado\u201d, manifest\u00f3 David D\u00edaz. El estudiante resalt\u00f3 que algunos de sus compa\u00f1eros podr\u00edan darse de baja, pero sus certificados de nivel medio superior se encuentran atrapados dentro de las instalaciones en disputa.<\/p>\n","protected":false},"excerpt":{"rendered":"<p>En medio del conflicto legal por la posesi\u00f3n de las instalaciones de San Andr\u00e9s Cholula que comenz\u00f3 con el operativo del 29 de junio de 2021, la matr\u00edcula de la Universidad de las Am\u00e9ricas Puebla (Udlap) registr\u00f3 una reducci\u00f3n de m\u00e1s de 20 por ciento. Al cierre del ciclo escolar 2020-2022, la matr\u00edcula de la [&hellip;]<\/p>\n","protected":false},"author":4,"featured_media":3317,"comment_status":"open","ping_status":"open","sticky":false,"template":"","format":"standard","meta":{"om_disable_all_campaigns":false,"_monsterinsights_skip_tracking":false,"_monsterinsights_sitenote_active":false,"_monsterinsights_sitenote_note":"","_monsterinsights_sitenote_category":0,"footnotes":""},"categories":[175],"tags":[],"class_list":["post-3316","post","type-post","status-publish","format-standard","has-post-thumbnail","hentry","category-local"],"amp_enabled":true,"_links":{"self":[{"href":"https:\/\/lahora.mx\/index.php\/wp-json\/wp\/v2\/posts\/3316","targetHints":{"allow":["GET"]}}],"collection":[{"href":"https:\/\/lahora.mx\/index.php\/wp-json\/wp\/v2\/posts"}],"about":[{"href":"https:\/\/lahora.mx\/index.php\/wp-json\/wp\/v2\/types\/post"}],"author":[{"embeddable":true,"href":"https:\/\/lahora.mx\/index.php\/wp-json\/wp\/v2\/users\/4"}],"replies":[{"embeddable":true,"href":"https:\/\/lahora.mx\/index.php\/wp-json\/wp\/v2\/comments?post=3316"}],"version-history":[{"count":1,"href":"https:\/\/lahora.mx\/index.php\/wp-json\/wp\/v2\/posts\/3316\/revisions"}],"predecessor-version":[{"id":3318,"href":"https:\/\/lahora.mx\/index.php\/wp-json\/wp\/v2\/posts\/3316\/revisions\/3318"}],"wp:featuredmedia":[{"embeddable":true,"href":"https:\/\/lahora.mx\/index.php\/wp-json\/wp\/v2\/media\/3317"}],"wp:attachment":[{"href":"https:\/\/lahora.mx\/index.php\/wp-json\/wp\/v2\/media?parent=3316"}],"wp:term":[{"taxonomy":"category","embeddable":true,"href":"https:\/\/lahora.mx\/index.php\/wp-json\/wp\/v2\/categories?post=3316"},{"taxonomy":"post_tag","embeddable":true,"href":"https:\/\/lahora.mx\/index.php\/wp-json\/wp\/v2\/tags?post=3316"}],"curies":[{"name":"wp","href":"https:\/\/api.w.org\/{rel}","templated":true}]}}