{"id":33011,"date":"2023-09-07T17:27:51","date_gmt":"2023-09-07T17:27:51","guid":{"rendered":"http:\/\/lahora.mx\/?p=33011"},"modified":"2023-09-07T17:27:51","modified_gmt":"2023-09-07T17:27:51","slug":"desacelera-inflacion-a-4-64-en-agosto-su-menor-nivel-desde-febrero-del-2021","status":"publish","type":"post","link":"https:\/\/lahora.mx\/index.php\/2023\/09\/07\/desacelera-inflacion-a-4-64-en-agosto-su-menor-nivel-desde-febrero-del-2021\/","title":{"rendered":"Desacelera inflaci\u00f3n a 4.64% en agosto; su menor nivel desde febrero del 2021"},"content":{"rendered":"\n<p>La inflaci\u00f3n en M\u00e9xico continu\u00f3 con su convergencia hacia el objetivo del Banco de M\u00e9xico (Banxico) y, aunque persisten presiones, se ubic\u00f3 en agosto en su menor nivel en m\u00e1s de dos a\u00f1os, de acuerdo con la informaci\u00f3n divulgada por el Instituto Nacional de Estad\u00edstica y Geograf\u00eda (Inegi).<\/p>\n\n\n\n<p>En agosto, el \u00cdndice Nacional de Precios al Consumidor (INPC) increment\u00f3 0.55% en comparaci\u00f3n mensual, con lo que a tasa anual la inflaci\u00f3n se ubic\u00f3 en 4.64 por ciento.<\/p>\n\n\n\n<p>Con el dato de agosto, la inflaci\u00f3n report\u00f3 siete meses consecutivos de desaceleraciones, adem\u00e1s de alcanzar su menor nivel desde febrero del 2021, cuando se ubic\u00f3 en 3.76 por ciento.<\/p>\n\n\n\n<p>De esta manera, la inflaci\u00f3n quedar\u00eda ligeramente por arriba de la expectativa del mercado, el cual esperaba una tasa de 4.61%, de acuerdo con el sondeo de Reuters.<\/p>\n\n\n\n<p>Si bien la inflaci\u00f3n se ha desacelerado en los \u00faltimos meses, luego de que el a\u00f1o pasado llegara a niveles no vistos en dos d\u00e9cadas, contin\u00faa por arriba del objetivo del Banxico de 3% +\/-1 punto porcentual.<\/p>\n\n\n\n<p>En tanto, el banco central a cargo de Victoria Rodr\u00edguez Ceja ha pausado los incrementos en su tasa de inter\u00e9s; sin embargo, ha se\u00f1alado que mantendr\u00e1 por m\u00e1s tiempo su tasa en 11.25% para la convergencia de la inflaci\u00f3n.<\/p>\n\n\n\n<p>El informe del Inegi detall\u00f3 que la inflaci\u00f3n subyacente, que elimina de su c\u00e1lculo los bienes y servicios con precios m\u00e1s vol\u00e1tiles, se ubic\u00f3 en 6.08 por ciento.<\/p>\n\n\n\n<p>Al interior de \u00e9sta, los precios de las mercanc\u00edas aumentaron 6.86% en comparaci\u00f3n anual, mientras que los servicios mostraron una inflaci\u00f3n anual de 5.15 por ciento.<\/p>\n\n\n\n<p>Del lado de la inflaci\u00f3n no subyacente, el aumento de precios fue bastante menor con una tasa de 0.37 por ciento.<\/p>\n\n\n\n<p>Dentro de ella, los agropecuarios mostraron un encarecimiento de sus precios de 3.94%, mientras que los energ\u00e9ticos y tarifas autorizadas por el gobierno disminuyeron en 2.68 por ciento.<\/p>\n","protected":false},"excerpt":{"rendered":"<p>La inflaci\u00f3n en M\u00e9xico continu\u00f3 con su convergencia hacia el objetivo del Banco de M\u00e9xico (Banxico) y, aunque persisten presiones, se ubic\u00f3 en agosto en su menor nivel en m\u00e1s de dos a\u00f1os, de acuerdo con la informaci\u00f3n divulgada por el Instituto Nacional de Estad\u00edstica y Geograf\u00eda (Inegi). En agosto, el \u00cdndice Nacional de Precios [&hellip;]<\/p>\n","protected":false},"author":4,"featured_media":33012,"comment_status":"open","ping_status":"open","sticky":false,"template":"","format":"standard","meta":{"om_disable_all_campaigns":false,"_monsterinsights_skip_tracking":false,"_monsterinsights_sitenote_active":false,"_monsterinsights_sitenote_note":"","_monsterinsights_sitenote_category":0,"footnotes":""},"categories":[176,2],"tags":[29],"class_list":["post-33011","post","type-post","status-publish","format-standard","has-post-thumbnail","hentry","category-nacional","category-negocios","tag-business"],"amp_enabled":true,"_links":{"self":[{"href":"https:\/\/lahora.mx\/index.php\/wp-json\/wp\/v2\/posts\/33011","targetHints":{"allow":["GET"]}}],"collection":[{"href":"https:\/\/lahora.mx\/index.php\/wp-json\/wp\/v2\/posts"}],"about":[{"href":"https:\/\/lahora.mx\/index.php\/wp-json\/wp\/v2\/types\/post"}],"author":[{"embeddable":true,"href":"https:\/\/lahora.mx\/index.php\/wp-json\/wp\/v2\/users\/4"}],"replies":[{"embeddable":true,"href":"https:\/\/lahora.mx\/index.php\/wp-json\/wp\/v2\/comments?post=33011"}],"version-history":[{"count":1,"href":"https:\/\/lahora.mx\/index.php\/wp-json\/wp\/v2\/posts\/33011\/revisions"}],"predecessor-version":[{"id":33013,"href":"https:\/\/lahora.mx\/index.php\/wp-json\/wp\/v2\/posts\/33011\/revisions\/33013"}],"wp:featuredmedia":[{"embeddable":true,"href":"https:\/\/lahora.mx\/index.php\/wp-json\/wp\/v2\/media\/33012"}],"wp:attachment":[{"href":"https:\/\/lahora.mx\/index.php\/wp-json\/wp\/v2\/media?parent=33011"}],"wp:term":[{"taxonomy":"category","embeddable":true,"href":"https:\/\/lahora.mx\/index.php\/wp-json\/wp\/v2\/categories?post=33011"},{"taxonomy":"post_tag","embeddable":true,"href":"https:\/\/lahora.mx\/index.php\/wp-json\/wp\/v2\/tags?post=33011"}],"curies":[{"name":"wp","href":"https:\/\/api.w.org\/{rel}","templated":true}]}}