{"id":33005,"date":"2023-09-07T16:50:04","date_gmt":"2023-09-07T16:50:04","guid":{"rendered":"http:\/\/lahora.mx\/?p=33005"},"modified":"2023-09-07T16:50:04","modified_gmt":"2023-09-07T16:50:04","slug":"cafre-atropella-y-mata-a-abuelito-que-vendia-jugos-en-la-central-de-abasto","status":"publish","type":"post","link":"https:\/\/lahora.mx\/index.php\/2023\/09\/07\/cafre-atropella-y-mata-a-abuelito-que-vendia-jugos-en-la-central-de-abasto\/","title":{"rendered":"Cafre atropella y mata a abuelito que vend\u00eda jugos en la Central de Abasto"},"content":{"rendered":"\n<p>Un hombre de la tercera edad muri\u00f3 luego de que fue arrollado por un autom\u00f3vil sobre la V\u00eda Corta Santa Ana en inmediaciones de la Central de Abasto, el hombre estaba vendiendo sus jugos en la zona cuando fue atropellado por la unidad que se dio a la fuga.<\/p>\n\n\n\n<p>Los hechos ocurrieron la ma\u00f1ana de este d\u00eda cuando se report\u00f3 a emergencias que un comerciante de la zona de la tercera edad, fue atropellado por un autom\u00f3vil el cual se dio a la fuga.<\/p>\n\n\n\n<p>Al lugar acudieron param\u00e9dicos de Protecci\u00f3n Civil quienes encontraron al hombre muy mal herido, pues por las graves lesiones perdi\u00f3 mucha sangre.<\/p>\n\n\n\n<p>Pese que por una hora estuvieron estabilizando sus signos vitales lamentablemente falleci\u00f3.<\/p>\n\n\n\n<p>Del responsable, se desconocen las caracter\u00edsticas del veh\u00edculo.<\/p>\n","protected":false},"excerpt":{"rendered":"<p>Un hombre de la tercera edad muri\u00f3 luego de que fue arrollado por un autom\u00f3vil sobre la V\u00eda Corta Santa Ana en inmediaciones de la Central de Abasto, el hombre estaba vendiendo sus jugos en la zona cuando fue atropellado por la unidad que se dio a la fuga. Los hechos ocurrieron la ma\u00f1ana de [&hellip;]<\/p>\n","protected":false},"author":4,"featured_media":33006,"comment_status":"open","ping_status":"open","sticky":false,"template":"","format":"standard","meta":{"om_disable_all_campaigns":false,"_monsterinsights_skip_tracking":false,"_monsterinsights_sitenote_active":false,"_monsterinsights_sitenote_note":"","_monsterinsights_sitenote_category":0,"footnotes":""},"categories":[175,226],"tags":[223],"class_list":["post-33005","post","type-post","status-publish","format-standard","has-post-thumbnail","hentry","category-local","category-policia","tag-puebla"],"amp_enabled":true,"_links":{"self":[{"href":"https:\/\/lahora.mx\/index.php\/wp-json\/wp\/v2\/posts\/33005","targetHints":{"allow":["GET"]}}],"collection":[{"href":"https:\/\/lahora.mx\/index.php\/wp-json\/wp\/v2\/posts"}],"about":[{"href":"https:\/\/lahora.mx\/index.php\/wp-json\/wp\/v2\/types\/post"}],"author":[{"embeddable":true,"href":"https:\/\/lahora.mx\/index.php\/wp-json\/wp\/v2\/users\/4"}],"replies":[{"embeddable":true,"href":"https:\/\/lahora.mx\/index.php\/wp-json\/wp\/v2\/comments?post=33005"}],"version-history":[{"count":1,"href":"https:\/\/lahora.mx\/index.php\/wp-json\/wp\/v2\/posts\/33005\/revisions"}],"predecessor-version":[{"id":33007,"href":"https:\/\/lahora.mx\/index.php\/wp-json\/wp\/v2\/posts\/33005\/revisions\/33007"}],"wp:featuredmedia":[{"embeddable":true,"href":"https:\/\/lahora.mx\/index.php\/wp-json\/wp\/v2\/media\/33006"}],"wp:attachment":[{"href":"https:\/\/lahora.mx\/index.php\/wp-json\/wp\/v2\/media?parent=33005"}],"wp:term":[{"taxonomy":"category","embeddable":true,"href":"https:\/\/lahora.mx\/index.php\/wp-json\/wp\/v2\/categories?post=33005"},{"taxonomy":"post_tag","embeddable":true,"href":"https:\/\/lahora.mx\/index.php\/wp-json\/wp\/v2\/tags?post=33005"}],"curies":[{"name":"wp","href":"https:\/\/api.w.org\/{rel}","templated":true}]}}