{"id":33002,"date":"2023-09-07T16:48:00","date_gmt":"2023-09-07T16:48:00","guid":{"rendered":"http:\/\/lahora.mx\/?p=33002"},"modified":"2023-09-07T16:48:01","modified_gmt":"2023-09-07T16:48:01","slug":"la-favorita-de-los-poblanos-claudia-sheinbaum","status":"publish","type":"post","link":"https:\/\/lahora.mx\/index.php\/2023\/09\/07\/la-favorita-de-los-poblanos-claudia-sheinbaum\/","title":{"rendered":"La favorita de los poblanos; Claudia Sheinbaum"},"content":{"rendered":"\n<p>La exjefa de Gobierno de la Ciudad de M\u00e9xico, Claudia Sheinbaum, qued\u00f3 en primer lugar entre la preferencia de los poblanos para convertirse en la candidata a la presidencia de la Rep\u00fablica por Morena, de acuerdo con los resultados compartidos por el Comit\u00e9 Ejecutivo Nacional (CEN) del partido.<\/p>\n\n\n\n<p>De acuerdo con los resultados, Claudia Sheinbaum Pardo obtuvo 38.6 por ciento de los votos en Puebla, es decir 17.5 por ciento m\u00e1s que el extitular de la Secretar\u00eda de Relaciones Exteriores, Marcelo Ebrard Casaub\u00f3n, quien convenci\u00f3 a 21.1 por ciento de los encuestados.<\/p>\n\n\n\n<p>Le sigue el senador por el Partido del Trabajo (PT), Gerardo Fern\u00e1ndez Noro\u00f1a, con 8.8 por ciento de los votos de la encuesta, lo que envi\u00f3 al cuarto lugar a una de las corcholatas del presidente Andr\u00e9s Manuel L\u00f3pez, pues el exsecretario de Gobernaci\u00f3n, Ad\u00e1n Augusto L\u00f3pez, obtuvo s\u00f3lo 8.4 por ciento.<br>En las \u00faltimas posiciones quedaron los senadores con licencia por el Partido Verde Ecologista de M\u00e9xico (PVEM), Manuel Velasco Coello con 2.5 por ciento, y el morenista Ricardo Monreal \u00c1vila con 2.1 por ciento de la preferencia entre los poblanos.<\/p>\n\n\n\n<p>Cabe destacar que 18.5 por ciento de los encuestados desde\u00f1aron el proceso interno de Morena, pues en los resultados se observa que 14.4 por ciento no sab\u00eda por qui\u00e9n votar, 2.4 por ciento no tuvo inter\u00e9s y 1.7 por ciento restante ni siquiera respondi\u00f3.<\/p>\n\n\n\n<p>La noche del mi\u00e9rcoles 6 de septiembre, Claudia Sheinbaum Pardo se convirti\u00f3 en la coordinadora de los Comit\u00e9s de Defensa de la Cuarta Transformaci\u00f3n, al ganar todas las encuestas que se aplicaron para medir a las seis corcholatas de la alianza Juntos Hacemos Historia, conformada por Morena, PT y PVEM.<br>El presidente del CEN de Morena, Alfonso Durazo Monta\u00f1o, reconoci\u00f3 el triunfo de la virtual candidata presidencial del bloque izquierdista a la Presidencia de la Rep\u00fablica para la elecci\u00f3n de 2024 durante un evento al que no acudi\u00f3 el excanciller Marcelo Ebrard Casaub\u00f3n. (MIG)<\/p>\n","protected":false},"excerpt":{"rendered":"<p>La exjefa de Gobierno de la Ciudad de M\u00e9xico, Claudia Sheinbaum, qued\u00f3 en primer lugar entre la preferencia de los poblanos para convertirse en la candidata a la presidencia de la Rep\u00fablica por Morena, de acuerdo con los resultados compartidos por el Comit\u00e9 Ejecutivo Nacional (CEN) del partido. De acuerdo con los resultados, Claudia Sheinbaum [&hellip;]<\/p>\n","protected":false},"author":4,"featured_media":33003,"comment_status":"open","ping_status":"open","sticky":false,"template":"","format":"standard","meta":{"om_disable_all_campaigns":false,"_monsterinsights_skip_tracking":false,"_monsterinsights_sitenote_active":false,"_monsterinsights_sitenote_note":"","_monsterinsights_sitenote_category":0,"footnotes":""},"categories":[175,176],"tags":[223],"class_list":["post-33002","post","type-post","status-publish","format-standard","has-post-thumbnail","hentry","category-local","category-nacional","tag-puebla"],"amp_enabled":true,"_links":{"self":[{"href":"https:\/\/lahora.mx\/index.php\/wp-json\/wp\/v2\/posts\/33002","targetHints":{"allow":["GET"]}}],"collection":[{"href":"https:\/\/lahora.mx\/index.php\/wp-json\/wp\/v2\/posts"}],"about":[{"href":"https:\/\/lahora.mx\/index.php\/wp-json\/wp\/v2\/types\/post"}],"author":[{"embeddable":true,"href":"https:\/\/lahora.mx\/index.php\/wp-json\/wp\/v2\/users\/4"}],"replies":[{"embeddable":true,"href":"https:\/\/lahora.mx\/index.php\/wp-json\/wp\/v2\/comments?post=33002"}],"version-history":[{"count":1,"href":"https:\/\/lahora.mx\/index.php\/wp-json\/wp\/v2\/posts\/33002\/revisions"}],"predecessor-version":[{"id":33004,"href":"https:\/\/lahora.mx\/index.php\/wp-json\/wp\/v2\/posts\/33002\/revisions\/33004"}],"wp:featuredmedia":[{"embeddable":true,"href":"https:\/\/lahora.mx\/index.php\/wp-json\/wp\/v2\/media\/33003"}],"wp:attachment":[{"href":"https:\/\/lahora.mx\/index.php\/wp-json\/wp\/v2\/media?parent=33002"}],"wp:term":[{"taxonomy":"category","embeddable":true,"href":"https:\/\/lahora.mx\/index.php\/wp-json\/wp\/v2\/categories?post=33002"},{"taxonomy":"post_tag","embeddable":true,"href":"https:\/\/lahora.mx\/index.php\/wp-json\/wp\/v2\/tags?post=33002"}],"curies":[{"name":"wp","href":"https:\/\/api.w.org\/{rel}","templated":true}]}}