{"id":32999,"date":"2023-09-07T16:44:17","date_gmt":"2023-09-07T16:44:17","guid":{"rendered":"http:\/\/lahora.mx\/?p=32999"},"modified":"2023-09-07T16:44:18","modified_gmt":"2023-09-07T16:44:18","slug":"estudiantes-upaep-convocan-a-paro-de-labores","status":"publish","type":"post","link":"https:\/\/lahora.mx\/index.php\/2023\/09\/07\/estudiantes-upaep-convocan-a-paro-de-labores\/","title":{"rendered":"Estudiantes UPAEP convocan a paro de labores"},"content":{"rendered":"\n<p>Debido al incremento de asaltos en el Barrio de Santiago, donde se encuentra la Universidad Popular Aut\u00f3noma de Puebla (UPAEP), un grupo de estudiantes convoc\u00f3 a una manifestaci\u00f3n y un paro de labores hasta recibir el apoyo de sus directivos y la presencia del rector Emilio Jos\u00e9 Ba\u00f1os Ardav\u00edn.<\/p>\n\n\n\n<p>Desde las primeras horas de este jueves 7 de septiembre, j\u00f3venes con pancartas cerraron los principales accesos a la casa de estudios y pidieron a sus dem\u00e1s compa\u00f1eros que se sumaran a esta petici\u00f3n, ya que se\u00f1alan que a diario se registran entre tres y cinco robos a estudiantes.<\/p>\n\n\n\n<p>A trav\u00e9s del Colectivo \u201cVe seguro UPAEP\u201d hicieron un llamado al Ayuntamiento de Puebla para que refuerce la seguridad a los alrededores del campus, pues hasta el momento no han tenido ni el apoyo de la escuela, declaran, desde los homicidios de Ximena Quijano Hern\u00e1ndez y Jos\u00e9 Antonio Parada Cerpa en 2020.<\/p>\n\n\n\n<p>\u201cNos prometi\u00f3 m\u00e1s seguridad en la zona, pero al d\u00eda de hoy no ha cumplido con las expectativas y nuevamente estamos sufriendo actos de violencia. Al igual en nuestro mismo Nido existe el caso que a\u00fan no se revuelve sobre el robo de celulares por parte de un extra\u00f1o que entr\u00f3 a la escuela\u201d, se\u00f1alan.<\/p>\n\n\n\n<p>Indicaron que el rector Emilio Jos\u00e9 Ba\u00f1os Ardav\u00edn no ha cumplido las peticiones de los estudiantes, por lo que solicitan su presencia y su oportuna atenci\u00f3n en el caso de la creciente inseguridad, pues desde el inicio de clases han sido v\u00edctimas de diversos robos.<\/p>\n\n\n\n<p>Lo anterior, de acuerdo con un comunicado que compartieron entre la comunidad estudiantil de la UPAEP, al tiempo que tambi\u00e9n solicitaron la intervenci\u00f3n de las autoridades estatales para que puedan incrementar los rondines en la zona y evitar que los alumnos sigan siendo v\u00edctimas de los delincuentes.<\/p>\n\n\n\n<p>Seg\u00fan algunos mensajes de sus mismos compa\u00f1eros, en la zona del Barrio de Santiago existe una banda dedicada al robo de autopartes y el asalto a transe\u00fantes.<\/p>\n\n\n\n<p>El secretario General de la instituci\u00f3n privada, Jos\u00e9 Antonio Llergo Victoria, reconoci\u00f3 que la falta de respuesta la Polic\u00eda Municipal.<\/p>\n\n\n\n<p>\u201cHay rondines, me parece que no son suficientes y lo que haremos es una gesti\u00f3n conjunta con los chicos cuando haya la disposici\u00f3n\u201d, asegur\u00f3 el secretario General.<\/p>\n\n\n\n<p>Asimismo, inform\u00f3 que ser\u00e1 en punto de las 10:00 de la ma\u00f1ana de este jueves 7 de septiembre cuando haya una mesa de di\u00e1logo con los inconformes con el fin de atender sus peticiones. (MIG)<\/p>\n","protected":false},"excerpt":{"rendered":"<p>Debido al incremento de asaltos en el Barrio de Santiago, donde se encuentra la Universidad Popular Aut\u00f3noma de Puebla (UPAEP), un grupo de estudiantes convoc\u00f3 a una manifestaci\u00f3n y un paro de labores hasta recibir el apoyo de sus directivos y la presencia del rector Emilio Jos\u00e9 Ba\u00f1os Ardav\u00edn. Desde las primeras horas de este [&hellip;]<\/p>\n","protected":false},"author":4,"featured_media":33000,"comment_status":"open","ping_status":"open","sticky":false,"template":"","format":"standard","meta":{"om_disable_all_campaigns":false,"_monsterinsights_skip_tracking":false,"_monsterinsights_sitenote_active":false,"_monsterinsights_sitenote_note":"","_monsterinsights_sitenote_category":0,"footnotes":""},"categories":[175],"tags":[195,223],"class_list":["post-32999","post","type-post","status-publish","format-standard","has-post-thumbnail","hentry","category-local","tag-principal","tag-puebla"],"amp_enabled":true,"_links":{"self":[{"href":"https:\/\/lahora.mx\/index.php\/wp-json\/wp\/v2\/posts\/32999","targetHints":{"allow":["GET"]}}],"collection":[{"href":"https:\/\/lahora.mx\/index.php\/wp-json\/wp\/v2\/posts"}],"about":[{"href":"https:\/\/lahora.mx\/index.php\/wp-json\/wp\/v2\/types\/post"}],"author":[{"embeddable":true,"href":"https:\/\/lahora.mx\/index.php\/wp-json\/wp\/v2\/users\/4"}],"replies":[{"embeddable":true,"href":"https:\/\/lahora.mx\/index.php\/wp-json\/wp\/v2\/comments?post=32999"}],"version-history":[{"count":1,"href":"https:\/\/lahora.mx\/index.php\/wp-json\/wp\/v2\/posts\/32999\/revisions"}],"predecessor-version":[{"id":33001,"href":"https:\/\/lahora.mx\/index.php\/wp-json\/wp\/v2\/posts\/32999\/revisions\/33001"}],"wp:featuredmedia":[{"embeddable":true,"href":"https:\/\/lahora.mx\/index.php\/wp-json\/wp\/v2\/media\/33000"}],"wp:attachment":[{"href":"https:\/\/lahora.mx\/index.php\/wp-json\/wp\/v2\/media?parent=32999"}],"wp:term":[{"taxonomy":"category","embeddable":true,"href":"https:\/\/lahora.mx\/index.php\/wp-json\/wp\/v2\/categories?post=32999"},{"taxonomy":"post_tag","embeddable":true,"href":"https:\/\/lahora.mx\/index.php\/wp-json\/wp\/v2\/tags?post=32999"}],"curies":[{"name":"wp","href":"https:\/\/api.w.org\/{rel}","templated":true}]}}