{"id":32992,"date":"2023-09-07T00:54:43","date_gmt":"2023-09-07T00:54:43","guid":{"rendered":"http:\/\/lahora.mx\/?p=32992"},"modified":"2023-09-07T00:54:44","modified_gmt":"2023-09-07T00:54:44","slug":"llega-a-la-santa-sede-del-vaticano-el-libro-tlaxcala-si-existe","status":"publish","type":"post","link":"https:\/\/lahora.mx\/index.php\/2023\/09\/07\/llega-a-la-santa-sede-del-vaticano-el-libro-tlaxcala-si-existe\/","title":{"rendered":"Llega a la Santa Sede del Vaticano, el libro \u00abTlaxcala si existe\u00bb"},"content":{"rendered":"\n<p>La ma\u00f1ana de este mi\u00e9rcoles el Papa Francisco recibi\u00f3 como obsequio el libro \u00abTlaxcala si existe\u00bb, un texto que concentra la diversidad y riqueza cultural y religiosa del estado.<\/p>\n\n\n\n<p>En la Audiencia General de hoy, en el Vaticano, la gobernadora Lorena Cu\u00e9llar Cisneros entreg\u00f3 al Sumo Pont\u00edfice esa obra que fue elaborada para dar a conocer al mundo las maravillas que ofrece Tlaxcala.<\/p>\n\n\n\n<p>Restaurantes y hoteles est\u00e1n llenos en Huamantla<br>Acompa\u00f1ada, entre otras personas, de la titular de la Secretar\u00eda de Turismo del Estado, Josefina Rodr\u00edguez Zamora, as\u00ed como de su esposo Salvador Ballesteros, la mandataria tuvo la oportunidad de mostrar, a trav\u00e9s de p\u00e1ginas de papel, parte importante de la riqueza que posee Tlaxcala a trav\u00e9s de su gastronom\u00eda, cultura, historia, tradiciones, artesan\u00edas, naturaleza y arquitectura.<\/p>\n\n\n\n<p>Ese encuentro permiti\u00f3 a Cu\u00e9llar Cisneros estrechar lazos de amistad y platicar con el Papa Francisco acerca de la importancia de preservar y promover el turismo religioso y el patrimonio de Tlaxcala, as\u00ed como de la santificaci\u00f3n de Los Ni\u00f1os M\u00e1rtires de Tlaxcala.<\/p>\n\n\n\n<p>El acercamiento y entrega del libro significa un reconocimiento a la importancia que tiene Tlaxcala en el mundo, y es un importante paso en la promoci\u00f3n del estado a nivel global.<\/p>\n\n\n\n<p>La visita al Vaticano es parte de la gira de trabajo que el Gobierno de Tlaxcala tiene en Italia con tour operadoras europeas y medios de comunicaci\u00f3n especializados en turismo, cuyo fin es presentar la Marca Destino Tlaxcala S\u00ed Existe, as\u00ed como sus 12 segmentos tur\u00edsticos, entre ellos el religioso.<\/p>\n","protected":false},"excerpt":{"rendered":"<p>La ma\u00f1ana de este mi\u00e9rcoles el Papa Francisco recibi\u00f3 como obsequio el libro \u00abTlaxcala si existe\u00bb, un texto que concentra la diversidad y riqueza cultural y religiosa del estado. En la Audiencia General de hoy, en el Vaticano, la gobernadora Lorena Cu\u00e9llar Cisneros entreg\u00f3 al Sumo Pont\u00edfice esa obra que fue elaborada para dar a [&hellip;]<\/p>\n","protected":false},"author":4,"featured_media":32993,"comment_status":"open","ping_status":"open","sticky":false,"template":"","format":"standard","meta":{"om_disable_all_campaigns":false,"_monsterinsights_skip_tracking":false,"_monsterinsights_sitenote_active":false,"_monsterinsights_sitenote_note":"","_monsterinsights_sitenote_category":0,"footnotes":""},"categories":[175],"tags":[223,210],"class_list":["post-32992","post","type-post","status-publish","format-standard","has-post-thumbnail","hentry","category-local","tag-puebla","tag-tlaxcala"],"amp_enabled":true,"_links":{"self":[{"href":"https:\/\/lahora.mx\/index.php\/wp-json\/wp\/v2\/posts\/32992","targetHints":{"allow":["GET"]}}],"collection":[{"href":"https:\/\/lahora.mx\/index.php\/wp-json\/wp\/v2\/posts"}],"about":[{"href":"https:\/\/lahora.mx\/index.php\/wp-json\/wp\/v2\/types\/post"}],"author":[{"embeddable":true,"href":"https:\/\/lahora.mx\/index.php\/wp-json\/wp\/v2\/users\/4"}],"replies":[{"embeddable":true,"href":"https:\/\/lahora.mx\/index.php\/wp-json\/wp\/v2\/comments?post=32992"}],"version-history":[{"count":1,"href":"https:\/\/lahora.mx\/index.php\/wp-json\/wp\/v2\/posts\/32992\/revisions"}],"predecessor-version":[{"id":32994,"href":"https:\/\/lahora.mx\/index.php\/wp-json\/wp\/v2\/posts\/32992\/revisions\/32994"}],"wp:featuredmedia":[{"embeddable":true,"href":"https:\/\/lahora.mx\/index.php\/wp-json\/wp\/v2\/media\/32993"}],"wp:attachment":[{"href":"https:\/\/lahora.mx\/index.php\/wp-json\/wp\/v2\/media?parent=32992"}],"wp:term":[{"taxonomy":"category","embeddable":true,"href":"https:\/\/lahora.mx\/index.php\/wp-json\/wp\/v2\/categories?post=32992"},{"taxonomy":"post_tag","embeddable":true,"href":"https:\/\/lahora.mx\/index.php\/wp-json\/wp\/v2\/tags?post=32992"}],"curies":[{"name":"wp","href":"https:\/\/api.w.org\/{rel}","templated":true}]}}