{"id":32926,"date":"2023-09-05T23:40:21","date_gmt":"2023-09-05T23:40:21","guid":{"rendered":"http:\/\/lahora.mx\/?p=32926"},"modified":"2023-09-05T23:40:21","modified_gmt":"2023-09-05T23:40:21","slug":"la-gobernadora-lorena-cuellar-emprende-viaje-de-trabajo-al-vaticano","status":"publish","type":"post","link":"https:\/\/lahora.mx\/index.php\/2023\/09\/05\/la-gobernadora-lorena-cuellar-emprende-viaje-de-trabajo-al-vaticano\/","title":{"rendered":"La gobernadora Lorena Cu\u00e9llar emprende viaje de trabajo al Vaticano"},"content":{"rendered":"\n<p>Este mi\u00e9rcoles seis de septiembre la gobernadora de Tlaxcala, Lorena Cu\u00e9llar Cisneros, emprender\u00e1 una gira de trabajo por El Vaticano, el estado m\u00e1s peque\u00f1o del mundo ubicado en Europa.<\/p>\n\n\n\n<p>Tlaxcala, un gran anfitri\u00f3n, asegura Heriberto Murrieta<br>Durante su primer d\u00eda de actividades la mandataria estatal ser\u00e1 recibida por el Papa Francisco y en el encuentro el m\u00e1ximo pont\u00edfice recibir\u00e1 como regalo el reci\u00e9n creado libro \u00abTlaxcala s\u00ed existe\u00bb.<\/p>\n\n\n\n<p>Junto con la secretaria de Turismo del Estado, Josefina Rodr\u00edguez Zamora, Cu\u00e9llar Cisneros obsequiar\u00e1 al Papa esa obra literaria compuesta de 23 apartados y 108 p\u00e1ginas y da cuenta de la gran riqueza con la que cuenta Tlaxcala como sus pueblos originarios y su diversidad cultural, religiosa y gastron\u00f3mica.<\/p>\n\n\n\n<p>Resaltan balones de voleibol expresi\u00f3n cultural de Tlaxcala<br>Al d\u00eda siguiente, el jueves siete de septiembre, la gobernadora sostendr\u00e1 reuniones con el sector turismo para afianzar lazos de coordinaci\u00f3n y colaboraci\u00f3n en favor de la entidad y El Vaticano, pero tambi\u00e9n para promocionar el Mundial de Voleibol de Playa Tlaxcala 2023, que ser\u00e1 celebrado del 5 al 15 de octubre pr\u00f3ximo.<\/p>\n\n\n\n<p>El embajador Carlos Garc\u00eda de Alba ser\u00e1 el encargado de recibir a la gobernadora y a la secretaria de Turismo, quienes ante medios de comunicaci\u00f3n hablar\u00e1n de la oferta tur\u00edstica que ofrece Tlaxcala.<\/p>\n\n\n\n<p>M\u00e1s tarde, ser\u00e1n trasladadas a un nuevo encuentro, pero con representantes de Tours Operadoras y con la titular de la C\u00e1mara de Comercio de M\u00e9xico en Italia, Letizia Magaldi.<\/p>\n\n\n\n<p>En ese evento la titular de Turismo en Tlaxcala hablar\u00e1 sobre Huamantla, Tlaxco e Ixtenco, los tres pueblos m\u00e1gicos que tiene Tlaxcala, sobre su gastronom\u00eda y la relevancia del ma\u00edz, sus tradiciones como el carnaval y sus fiestas patronales, la Noche en que Nadie Duerme, el Santuario de las Luci\u00e9rnagas, entre otras atracciones.<\/p>\n","protected":false},"excerpt":{"rendered":"<p>Este mi\u00e9rcoles seis de septiembre la gobernadora de Tlaxcala, Lorena Cu\u00e9llar Cisneros, emprender\u00e1 una gira de trabajo por El Vaticano, el estado m\u00e1s peque\u00f1o del mundo ubicado en Europa. Tlaxcala, un gran anfitri\u00f3n, asegura Heriberto MurrietaDurante su primer d\u00eda de actividades la mandataria estatal ser\u00e1 recibida por el Papa Francisco y en el encuentro el [&hellip;]<\/p>\n","protected":false},"author":4,"featured_media":32927,"comment_status":"open","ping_status":"open","sticky":false,"template":"","format":"standard","meta":{"om_disable_all_campaigns":false,"_monsterinsights_skip_tracking":false,"_monsterinsights_sitenote_active":false,"_monsterinsights_sitenote_note":"","_monsterinsights_sitenote_category":0,"footnotes":""},"categories":[175],"tags":[223,210],"class_list":["post-32926","post","type-post","status-publish","format-standard","has-post-thumbnail","hentry","category-local","tag-puebla","tag-tlaxcala"],"amp_enabled":true,"_links":{"self":[{"href":"https:\/\/lahora.mx\/index.php\/wp-json\/wp\/v2\/posts\/32926","targetHints":{"allow":["GET"]}}],"collection":[{"href":"https:\/\/lahora.mx\/index.php\/wp-json\/wp\/v2\/posts"}],"about":[{"href":"https:\/\/lahora.mx\/index.php\/wp-json\/wp\/v2\/types\/post"}],"author":[{"embeddable":true,"href":"https:\/\/lahora.mx\/index.php\/wp-json\/wp\/v2\/users\/4"}],"replies":[{"embeddable":true,"href":"https:\/\/lahora.mx\/index.php\/wp-json\/wp\/v2\/comments?post=32926"}],"version-history":[{"count":1,"href":"https:\/\/lahora.mx\/index.php\/wp-json\/wp\/v2\/posts\/32926\/revisions"}],"predecessor-version":[{"id":32928,"href":"https:\/\/lahora.mx\/index.php\/wp-json\/wp\/v2\/posts\/32926\/revisions\/32928"}],"wp:featuredmedia":[{"embeddable":true,"href":"https:\/\/lahora.mx\/index.php\/wp-json\/wp\/v2\/media\/32927"}],"wp:attachment":[{"href":"https:\/\/lahora.mx\/index.php\/wp-json\/wp\/v2\/media?parent=32926"}],"wp:term":[{"taxonomy":"category","embeddable":true,"href":"https:\/\/lahora.mx\/index.php\/wp-json\/wp\/v2\/categories?post=32926"},{"taxonomy":"post_tag","embeddable":true,"href":"https:\/\/lahora.mx\/index.php\/wp-json\/wp\/v2\/tags?post=32926"}],"curies":[{"name":"wp","href":"https:\/\/api.w.org\/{rel}","templated":true}]}}