{"id":32557,"date":"2023-09-01T17:35:57","date_gmt":"2023-09-01T17:35:57","guid":{"rendered":"http:\/\/lahora.mx\/?p=32557"},"modified":"2023-09-01T17:35:57","modified_gmt":"2023-09-01T17:35:57","slug":"transportistas-bloquean-autopista-mexico-pachuca","status":"publish","type":"post","link":"https:\/\/lahora.mx\/index.php\/2023\/09\/01\/transportistas-bloquean-autopista-mexico-pachuca\/","title":{"rendered":"Transportistas Bloquean autopista M\u00e9xico-Pachuca"},"content":{"rendered":"\n<p>Transportistas de la l\u00ednea de autobuses M\u00e9xico-Tizayuca bloquearon la autopista M\u00e9xico-Pachuca, a la altura de dos paraderos, lo que ha provocado caos vial.<\/p>\n\n\n\n<p>Los transportistas se ubican a la altura del puente de Tepojaco y la caseta de la 30 30, en Ecatepec de Morelos, desde las 05:00 horas de este viernes 1 de septiembre.<br>El bloqueo es debido a la inseguridad que viven con las extorsiones y quema de unidades que han sufrido, acusan.<\/p>\n\n\n\n<p>Tanto para quienes van con direcci\u00f3n a la Ciudad de M\u00e9xico como para los que se dirigen a Hidalgo la circulaci\u00f3n es complicada, ya que la fila de autom\u00f3viles supera varios kil\u00f3metros.<\/p>\n\n\n\n<p>Desde las 07:00 horas los transportistas comenzaron a abrir un carril por minutos, pero lo volvieron a cerrar, por lo que no se desfoga el tr\u00e1nsito.<br>Bloqueo autopista M\u00e9xico-Pachuca: exigen atender inseguridad<br>A trav\u00e9s de redes sociales del Aeropuerto Internacional Felipe \u00c1ngeles (AIFA), se inform\u00f3 del bloqueo en la M\u00e9xico-Pachuca, por lo que se solicit\u00f3 a quienes tienen vuelos programados, que arriben con tiempo ante la manifestaci\u00f3n de los transportistas.<\/p>\n\n\n\n<p>Los transportistas demandan acciones al Gobierno Federal para atender el tema de inseguridad que padecen; la manifestaci\u00f3n se da luego de que el martes 29 de agosto fuera quemada una unidad del transporte p\u00fablico en el municipio de Tezoyuca.<\/p>\n\n\n\n<p>Bloqueo autopista M\u00e9xico-Pachuca afecta la M\u00e9xico-Quer\u00e9taro<br>La toma de la autopista M\u00e9xico-Pachuca afecta tambi\u00e9n la autopista M\u00e9xico-Quer\u00e9taro con direcci\u00f3n a la Ciudad de M\u00e9xico, previo al entronque con el Circuito Exterior Mexiquense, registra filas de hasta 6 kil\u00f3metros de autos varados.<\/p>\n\n\n\n<p>Al respecto, la Guardia Nacional (GN) inform\u00f3 a los transportistas que al mediod\u00eda se abrir\u00e1 una mesa de di\u00e1logo con autoridades de Tizayuca; sin embargo, los transportistas, hasta el momento de la edici\u00f3n de esta nota, han decidido continuar con el bloqueo. (MIG)<\/p>\n","protected":false},"excerpt":{"rendered":"<p>Transportistas de la l\u00ednea de autobuses M\u00e9xico-Tizayuca bloquearon la autopista M\u00e9xico-Pachuca, a la altura de dos paraderos, lo que ha provocado caos vial. Los transportistas se ubican a la altura del puente de Tepojaco y la caseta de la 30 30, en Ecatepec de Morelos, desde las 05:00 horas de este viernes 1 de septiembre.El [&hellip;]<\/p>\n","protected":false},"author":4,"featured_media":32558,"comment_status":"open","ping_status":"open","sticky":false,"template":"","format":"standard","meta":{"om_disable_all_campaigns":false,"_monsterinsights_skip_tracking":false,"_monsterinsights_sitenote_active":false,"_monsterinsights_sitenote_note":"","_monsterinsights_sitenote_category":0,"footnotes":""},"categories":[176],"tags":[],"class_list":["post-32557","post","type-post","status-publish","format-standard","has-post-thumbnail","hentry","category-nacional"],"amp_enabled":true,"_links":{"self":[{"href":"https:\/\/lahora.mx\/index.php\/wp-json\/wp\/v2\/posts\/32557","targetHints":{"allow":["GET"]}}],"collection":[{"href":"https:\/\/lahora.mx\/index.php\/wp-json\/wp\/v2\/posts"}],"about":[{"href":"https:\/\/lahora.mx\/index.php\/wp-json\/wp\/v2\/types\/post"}],"author":[{"embeddable":true,"href":"https:\/\/lahora.mx\/index.php\/wp-json\/wp\/v2\/users\/4"}],"replies":[{"embeddable":true,"href":"https:\/\/lahora.mx\/index.php\/wp-json\/wp\/v2\/comments?post=32557"}],"version-history":[{"count":1,"href":"https:\/\/lahora.mx\/index.php\/wp-json\/wp\/v2\/posts\/32557\/revisions"}],"predecessor-version":[{"id":32559,"href":"https:\/\/lahora.mx\/index.php\/wp-json\/wp\/v2\/posts\/32557\/revisions\/32559"}],"wp:featuredmedia":[{"embeddable":true,"href":"https:\/\/lahora.mx\/index.php\/wp-json\/wp\/v2\/media\/32558"}],"wp:attachment":[{"href":"https:\/\/lahora.mx\/index.php\/wp-json\/wp\/v2\/media?parent=32557"}],"wp:term":[{"taxonomy":"category","embeddable":true,"href":"https:\/\/lahora.mx\/index.php\/wp-json\/wp\/v2\/categories?post=32557"},{"taxonomy":"post_tag","embeddable":true,"href":"https:\/\/lahora.mx\/index.php\/wp-json\/wp\/v2\/tags?post=32557"}],"curies":[{"name":"wp","href":"https:\/\/api.w.org\/{rel}","templated":true}]}}