{"id":32511,"date":"2023-09-01T01:59:46","date_gmt":"2023-09-01T01:59:46","guid":{"rendered":"http:\/\/lahora.mx\/?p=32511"},"modified":"2023-09-01T01:59:46","modified_gmt":"2023-09-01T01:59:46","slug":"carlos-palafox-renuncia-a-presidencia-de-consejo-de-la-judicatura-de-puebla","status":"publish","type":"post","link":"https:\/\/lahora.mx\/index.php\/2023\/09\/01\/carlos-palafox-renuncia-a-presidencia-de-consejo-de-la-judicatura-de-puebla\/","title":{"rendered":"Carlos Palafox renuncia a presidencia de Consejo de la Judicatura de Puebla"},"content":{"rendered":"\n<p>La tarde de este jueves 31 de agosto, Carlos Palafox Galeana renunci\u00f3 a su cargo como presidente del Consejo de la Judicatura del Poder Judicial del Estado de Puebla, as\u00ed lo anunci\u00f3 a trav\u00e9s de una publicaci\u00f3n que realiz\u00f3 en su cuenta de X, antes Twitter.<\/p>\n\n\n\n<p>De acuerdo con lo informado, Palafox Galeana dej\u00f3 este cargo para regresar a sus actividades jurisdiccionales como magistrado.<br>\u201cConsidero que es necesario iniciar ahora una nueva etapa en la implementaci\u00f3n (Sic), raz\u00f3n por la cual he decidido separarme del cargo de Presidente del Consejo de la Judicatura, a partir de esta fecha, para reincorporarme a las actividades jurisdiccionales como Magistrado\u00bb, poste\u00f3.<\/p>\n\n\n\n<p>Nueva presidenta del Consejo de la Judicatura<br>Tras la renuncia de Carlos Palafox, Araceli Cabido queda como nueva presidenta del Consejo de la Judicatura del Poder Judicial. Cabido se hab\u00eda desempe\u00f1ado como magistrada de la Primera Sala Civil.<\/p>\n\n\n\n<p>Asimismo, Belinda Aguilar, quien fung\u00eda como magistrada en la Segunda Sala Penal, asume la presidencia del Tribunal Superior de Justicia (TSJ).<\/p>\n\n\n\n<p>Carlos Palafox renuncia en medio de protestas<br>La renuncia de Carlos Palafox se dio en medio de protestas y se\u00f1alamientos por falta de condiciones laborales para trabajadores del Poder Judicial tanto en el centro como en los diferentes juzgados del interior del estado.<\/p>\n\n\n\n<p>Incluso todav\u00eda ayer, mi\u00e9rcoles 30 de agosto, una manifestaci\u00f3n m\u00e1s se registr\u00f3 en las oficinas del Consejo de la Judicatura, por una presunta falta de pagos en primas vacacionales y exigencia de aumento salarial.<\/p>\n\n\n\n<p>Durante los primeros meses del a\u00f1o se dio a conocer, a trav\u00e9s de testimonios de trabajadores, que hay quienes ganaban menos del salario m\u00ednimo a la quincena.<\/p>\n\n\n\n<p>Hasta 2 mil 500 pesos quincenales y m\u00e1s de 16 horas de trabajo es lo que trabajadores reprochaban a Carlos Palafox Galeana, quien hasta hoy fung\u00eda como magistrado presidente del Consejo de la Judicatura. (AD)<\/p>\n","protected":false},"excerpt":{"rendered":"<p>La tarde de este jueves 31 de agosto, Carlos Palafox Galeana renunci\u00f3 a su cargo como presidente del Consejo de la Judicatura del Poder Judicial del Estado de Puebla, as\u00ed lo anunci\u00f3 a trav\u00e9s de una publicaci\u00f3n que realiz\u00f3 en su cuenta de X, antes Twitter. De acuerdo con lo informado, Palafox Galeana dej\u00f3 este [&hellip;]<\/p>\n","protected":false},"author":4,"featured_media":32512,"comment_status":"open","ping_status":"open","sticky":false,"template":"","format":"standard","meta":{"om_disable_all_campaigns":false,"_monsterinsights_skip_tracking":false,"_monsterinsights_sitenote_active":false,"_monsterinsights_sitenote_note":"","_monsterinsights_sitenote_category":0,"footnotes":""},"categories":[176],"tags":[195],"class_list":["post-32511","post","type-post","status-publish","format-standard","has-post-thumbnail","hentry","category-nacional","tag-principal"],"amp_enabled":true,"_links":{"self":[{"href":"https:\/\/lahora.mx\/index.php\/wp-json\/wp\/v2\/posts\/32511","targetHints":{"allow":["GET"]}}],"collection":[{"href":"https:\/\/lahora.mx\/index.php\/wp-json\/wp\/v2\/posts"}],"about":[{"href":"https:\/\/lahora.mx\/index.php\/wp-json\/wp\/v2\/types\/post"}],"author":[{"embeddable":true,"href":"https:\/\/lahora.mx\/index.php\/wp-json\/wp\/v2\/users\/4"}],"replies":[{"embeddable":true,"href":"https:\/\/lahora.mx\/index.php\/wp-json\/wp\/v2\/comments?post=32511"}],"version-history":[{"count":1,"href":"https:\/\/lahora.mx\/index.php\/wp-json\/wp\/v2\/posts\/32511\/revisions"}],"predecessor-version":[{"id":32513,"href":"https:\/\/lahora.mx\/index.php\/wp-json\/wp\/v2\/posts\/32511\/revisions\/32513"}],"wp:featuredmedia":[{"embeddable":true,"href":"https:\/\/lahora.mx\/index.php\/wp-json\/wp\/v2\/media\/32512"}],"wp:attachment":[{"href":"https:\/\/lahora.mx\/index.php\/wp-json\/wp\/v2\/media?parent=32511"}],"wp:term":[{"taxonomy":"category","embeddable":true,"href":"https:\/\/lahora.mx\/index.php\/wp-json\/wp\/v2\/categories?post=32511"},{"taxonomy":"post_tag","embeddable":true,"href":"https:\/\/lahora.mx\/index.php\/wp-json\/wp\/v2\/tags?post=32511"}],"curies":[{"name":"wp","href":"https:\/\/api.w.org\/{rel}","templated":true}]}}