{"id":3250,"date":"2022-02-18T00:42:24","date_gmt":"2022-02-18T00:42:24","guid":{"rendered":"http:\/\/lahora.mx\/?p=3250"},"modified":"2022-02-18T00:42:25","modified_gmt":"2022-02-18T00:42:25","slug":"fueron-rescatados-109-migrantes-centroamericanos-en-acajete","status":"publish","type":"post","link":"https:\/\/lahora.mx\/index.php\/2022\/02\/18\/fueron-rescatados-109-migrantes-centroamericanos-en-acajete\/","title":{"rendered":"Fueron rescatados 109 migrantes centroamericanos en Acajete"},"content":{"rendered":"\n<p>Autoridades<strong>&nbsp;municipales de Acajete y elementos de la Guardia Nacional&nbsp;<\/strong>(GN) en Puebla&nbsp;<strong>rescataron a 109 migrantes<\/strong>&nbsp;indocumentados que&nbsp;<strong>viajaban en un autob\u00fas tur\u00edstico de Veracruz<\/strong>&nbsp;con rumbo a la Ciudad de M\u00e9xico.<\/p>\n\n\n\n<p>De acuerdo con informaci\u00f3n del Instituto Nacional de Migraci\u00f3n (INM) en Puebla, este mi\u00e9rcoles 16 de febrero en el municipio de Acajete se encontraron a m\u00e1s de 100 migrantes\u00a0<strong>provenientes de Cuba, Guatemala, Honduras y Nicaragua<\/strong><br>En el autob\u00fas viajaban 94 personas de nacionalidad cubana, de los cuales\u00a0<strong>uno era menor de edad, 27 mujeres y 66 hombres;<\/strong>\u00a0as\u00ed como 10 de origen guatemalteco<strong>, tres menores de edad, dos mujeres y cinco hombres.<\/strong><br>Adem\u00e1s de cuatro de origen hondure\u00f1o,\u00a0<strong>tres menores de edad y un hombre y otro hombre nicarag\u00fcense.<\/strong><br>Tras el aseguramiento del veh\u00edculo y de los indocumentados, una persona de nacionalidad mexicana\u00a0<strong>qued\u00f3 a disposici\u00f3n de la polic\u00eda municipal\u00a0<\/strong>por el presunto delito de tr\u00e1fico de personas. Por su parte, los extranjeros fueron trasladados a la estaci\u00f3n migratoria en la ciudad de Puebla.<br><\/p>\n","protected":false},"excerpt":{"rendered":"<p>Autoridades&nbsp;municipales de Acajete y elementos de la Guardia Nacional&nbsp;(GN) en Puebla&nbsp;rescataron a 109 migrantes&nbsp;indocumentados que&nbsp;viajaban en un autob\u00fas tur\u00edstico de Veracruz&nbsp;con rumbo a la Ciudad de M\u00e9xico. De acuerdo con informaci\u00f3n del Instituto Nacional de Migraci\u00f3n (INM) en Puebla, este mi\u00e9rcoles 16 de febrero en el municipio de Acajete se encontraron a m\u00e1s de 100 [&hellip;]<\/p>\n","protected":false},"author":4,"featured_media":3251,"comment_status":"open","ping_status":"open","sticky":false,"template":"","format":"standard","meta":{"om_disable_all_campaigns":false,"_monsterinsights_skip_tracking":false,"_monsterinsights_sitenote_active":false,"_monsterinsights_sitenote_note":"","_monsterinsights_sitenote_category":0,"footnotes":""},"categories":[175],"tags":[],"class_list":["post-3250","post","type-post","status-publish","format-standard","has-post-thumbnail","hentry","category-local"],"amp_enabled":true,"_links":{"self":[{"href":"https:\/\/lahora.mx\/index.php\/wp-json\/wp\/v2\/posts\/3250","targetHints":{"allow":["GET"]}}],"collection":[{"href":"https:\/\/lahora.mx\/index.php\/wp-json\/wp\/v2\/posts"}],"about":[{"href":"https:\/\/lahora.mx\/index.php\/wp-json\/wp\/v2\/types\/post"}],"author":[{"embeddable":true,"href":"https:\/\/lahora.mx\/index.php\/wp-json\/wp\/v2\/users\/4"}],"replies":[{"embeddable":true,"href":"https:\/\/lahora.mx\/index.php\/wp-json\/wp\/v2\/comments?post=3250"}],"version-history":[{"count":1,"href":"https:\/\/lahora.mx\/index.php\/wp-json\/wp\/v2\/posts\/3250\/revisions"}],"predecessor-version":[{"id":3252,"href":"https:\/\/lahora.mx\/index.php\/wp-json\/wp\/v2\/posts\/3250\/revisions\/3252"}],"wp:featuredmedia":[{"embeddable":true,"href":"https:\/\/lahora.mx\/index.php\/wp-json\/wp\/v2\/media\/3251"}],"wp:attachment":[{"href":"https:\/\/lahora.mx\/index.php\/wp-json\/wp\/v2\/media?parent=3250"}],"wp:term":[{"taxonomy":"category","embeddable":true,"href":"https:\/\/lahora.mx\/index.php\/wp-json\/wp\/v2\/categories?post=3250"},{"taxonomy":"post_tag","embeddable":true,"href":"https:\/\/lahora.mx\/index.php\/wp-json\/wp\/v2\/tags?post=3250"}],"curies":[{"name":"wp","href":"https:\/\/api.w.org\/{rel}","templated":true}]}}