{"id":32487,"date":"2023-08-31T19:16:10","date_gmt":"2023-08-31T19:16:10","guid":{"rendered":"http:\/\/lahora.mx\/?p=32487"},"modified":"2023-08-31T19:16:10","modified_gmt":"2023-08-31T19:16:10","slug":"facturando-desde-pequena-de-vender-gelatinas-a-candidata-presidencial-xochitl-galvez","status":"publish","type":"post","link":"https:\/\/lahora.mx\/index.php\/2023\/08\/31\/facturando-desde-pequena-de-vender-gelatinas-a-candidata-presidencial-xochitl-galvez\/","title":{"rendered":"Facturando desde peque\u00f1a; de vender gelatinas a candidata presidencial, X\u00f3chitl G\u00e1lvez"},"content":{"rendered":"\n<p>La senadora del Partido Acci\u00f3n Nacional (PAN), X\u00f3chitl G\u00e1lvez Ruiz, salt\u00f3 a los reflectores el pasado 12 de julio cuando solicit\u00f3 al presidente Andr\u00e9s Manuel L\u00f3pez Obrador su derecho de r\u00e9plica en la conferencia de prensa matutina para aclarar los dichos del mandatario federal, sobre que ella propon\u00eda desaparecer los programas sociales, por lo anterior, G\u00e1lvez se aperson\u00f3 en Palacio Nacional.<\/p>\n\n\n\n<p>En aquella ocasi\u00f3n, L\u00f3pez Obrador no permiti\u00f3 la entrada de la legisladora y se limit\u00f3 a comentar que ella solo quer\u00eda publicidad y la tach\u00f3 de \u201cconservadora\u201d.<\/p>\n\n\n\n<p>Tres d\u00edas despu\u00e9s, el dirigente nacional del blanquiazul, Marko Cort\u00e9s, revel\u00f3 que la senadora X\u00f3chitl G\u00e1lvez figuraba entre los aspirantes del PAN para contender a la Presidencia. Horas m\u00e1s tarde ella lo confirm\u00f3, aunque revel\u00f3 que ella pretend\u00eda buscar una candidatura por la Jefatura de Gobierno de la Ciudad de M\u00e9xico.<br>Ya el 27 de junio, G\u00e1lvez Ruiz inform\u00f3 que s\u00ed participar\u00eda en el proceso de selecci\u00f3n del candidato en lo que hasta entonces se conoc\u00eda como Va por M\u00e9xico, ahora Frente Amplio por M\u00e9xico, por lo que se aliaron partidos de la oposici\u00f3n conformados por el Partido Revolucionario Institucional (PRI), el Partido de la Revoluci\u00f3n Democr\u00e1tica (PRD) y el PAN.<\/p>\n\n\n\n<p>Una vez consumada la alianza, se form\u00f3 un Comit\u00e9 Organizador que establecer\u00eda la ruta para que se eligiera al candidato del Frente y se determin\u00f3 que los aspirantes participar\u00edan en una serie de foros y encuestas, de estos ejercicios saldr\u00eda el ganador.<\/p>\n\n\n\n<p>Precisamente en la segunda encuesta, X\u00f3chitl G\u00e1lvez Ruiz result\u00f3 victoriosa contra la \u00fanica aspirante que contend\u00eda, la priista Beatriz Paredes Rangel, pues el mi\u00e9rcoles 30 de agosto el Frente revel\u00f3 que la panista hab\u00eda obtenido un porcentaje ponderado en las encuestas del 57.58.<\/p>\n\n\n\n<p>\u00bfQui\u00e9n es X\u00f3chitl G\u00e1lvez?<br>Bertha X\u00f3chitl G\u00e1lvez Ruiz es una pol\u00edtica hidalguense de 60 a\u00f1os de edad y es ingeniera en Computaci\u00f3n por la Universidad Nacional Aut\u00f3noma de M\u00e9xico (UNAM), actualmente es senadora por el PAN y a la par es empresaria.<\/p>\n\n\n\n<p>G\u00e1lvez Ruiz ha manifestado tener un origen humilde, pues revel\u00f3 que de ni\u00f1a vend\u00eda gelatinas en una plaza, en su ciudad natal Tepatepec, Hidalgo.<\/p>\n\n\n\n<p>\u201cNunca tuvimos casa, entonces siempre anduvimos arrimados con la familia de mi mam\u00e1, con la familia de mi pap\u00e1. (\u2026) Yo iba a vender gelatinas a la plaza de mi pueblo de ni\u00f1a y tuve la oportunidad de venir a la Ciudad de M\u00e9xico en 1973 porque era una ni\u00f1a aplicada\u201d, coment\u00f3 en entrevista en 2015.<\/p>\n\n\n\n<p>En ese mismo a\u00f1o, X\u00f3chilt G\u00e1lvez fue electa como jefa delegacional de la Miguel Hidalgo y concluy\u00f3 en 2018; de cara a las elecciones concurrentes de ese a\u00f1o, la panista fue postulada al Senado por la v\u00eda plurinominal, puesto que desempe\u00f1a desde entonces.<\/p>\n\n\n\n<p>Momentos m\u00e1s pol\u00e9micos de la panista<br>Desde que se conoci\u00f3 que X\u00f3chilt G\u00e1lvez participar\u00eda en el proceso interno del Frente Amplio, la senadora no dej\u00f3 de estar envuelta en uno que otro hecho escandaloso.<\/p>\n\n\n\n<p>El pasado 11 de julio, luego de que el presidente L\u00f3pez Obrador hablar\u00e1 de ella en diferentes ocasiones, la aspirante del PAN public\u00f3 un video en el que llamaba al mandatario federal a que se pusiera a trabajar y que dejar\u00e1 de referirse a ella.<\/p>\n\n\n\n<p>Durante la campa\u00f1a del proceso interno del Frente, el pasado 19 de agosto, la aspirante mencion\u00f3 que en el sureste del pa\u00eds no tienen la misma cultura del norte, raz\u00f3n por la que los habitantes del sur no est\u00e1n acostumbrados a trabajar 8 horas al d\u00eda.<\/p>\n\n\n\n<p>\u201cHay una cultura distinta en el sureste del pa\u00eds y no podemos aplicar un modelo similar al del norte. Recuerdo cuando trabajaba con Fox, quisieron instalar maquiladoras en San Crist\u00f3bal de las Casas y les dije \u2018va a ser un fracaso, nadie va a ir a trabajar ocho horas seguidas porque no es su cultura\u201d, dijo la senadora.<\/p>\n\n\n\n<p>En esta semana, luego de que el presidente nacional del PRI, Alejandro Moreno, diera indicios de que la aspirante de su partido, Beatriz Paredes, podr\u00eda renunciar al proceso interno del Frente, para darle paso a X\u00f3chilt G\u00e1lvez, la senadora revel\u00f3 que Morena se estaba frotando las manos para ver qu\u00e9 \u201cdesmadre\u201d les hac\u00eda.<\/p>\n\n\n\n<p>\u201cLo que quiera el PRI, ser\u00e9 muy respetuosa de sus procesos internos. Yo lo que quiero es que le vaya bien a M\u00e9xico y no tengo duda de que Morena se est\u00e1 frotando las manos para ver qu\u00e9 desmadre nos hace\u201d, dijo en entrevista X\u00f3chitl G\u00e1lvez, quien ahora es la virtual candidata a la presidencia del Frente Amplio por M\u00e9xico. (AD)<\/p>\n","protected":false},"excerpt":{"rendered":"<p>La senadora del Partido Acci\u00f3n Nacional (PAN), X\u00f3chitl G\u00e1lvez Ruiz, salt\u00f3 a los reflectores el pasado 12 de julio cuando solicit\u00f3 al presidente Andr\u00e9s Manuel L\u00f3pez Obrador su derecho de r\u00e9plica en la conferencia de prensa matutina para aclarar los dichos del mandatario federal, sobre que ella propon\u00eda desaparecer los programas sociales, por lo anterior, [&hellip;]<\/p>\n","protected":false},"author":4,"featured_media":32488,"comment_status":"open","ping_status":"open","sticky":false,"template":"","format":"standard","meta":{"om_disable_all_campaigns":false,"_monsterinsights_skip_tracking":false,"_monsterinsights_sitenote_active":false,"_monsterinsights_sitenote_note":"","_monsterinsights_sitenote_category":0,"footnotes":""},"categories":[176],"tags":[],"class_list":["post-32487","post","type-post","status-publish","format-standard","has-post-thumbnail","hentry","category-nacional"],"amp_enabled":true,"_links":{"self":[{"href":"https:\/\/lahora.mx\/index.php\/wp-json\/wp\/v2\/posts\/32487","targetHints":{"allow":["GET"]}}],"collection":[{"href":"https:\/\/lahora.mx\/index.php\/wp-json\/wp\/v2\/posts"}],"about":[{"href":"https:\/\/lahora.mx\/index.php\/wp-json\/wp\/v2\/types\/post"}],"author":[{"embeddable":true,"href":"https:\/\/lahora.mx\/index.php\/wp-json\/wp\/v2\/users\/4"}],"replies":[{"embeddable":true,"href":"https:\/\/lahora.mx\/index.php\/wp-json\/wp\/v2\/comments?post=32487"}],"version-history":[{"count":1,"href":"https:\/\/lahora.mx\/index.php\/wp-json\/wp\/v2\/posts\/32487\/revisions"}],"predecessor-version":[{"id":32489,"href":"https:\/\/lahora.mx\/index.php\/wp-json\/wp\/v2\/posts\/32487\/revisions\/32489"}],"wp:featuredmedia":[{"embeddable":true,"href":"https:\/\/lahora.mx\/index.php\/wp-json\/wp\/v2\/media\/32488"}],"wp:attachment":[{"href":"https:\/\/lahora.mx\/index.php\/wp-json\/wp\/v2\/media?parent=32487"}],"wp:term":[{"taxonomy":"category","embeddable":true,"href":"https:\/\/lahora.mx\/index.php\/wp-json\/wp\/v2\/categories?post=32487"},{"taxonomy":"post_tag","embeddable":true,"href":"https:\/\/lahora.mx\/index.php\/wp-json\/wp\/v2\/tags?post=32487"}],"curies":[{"name":"wp","href":"https:\/\/api.w.org\/{rel}","templated":true}]}}