{"id":32484,"date":"2023-08-31T19:14:32","date_gmt":"2023-08-31T19:14:32","guid":{"rendered":"http:\/\/lahora.mx\/?p=32484"},"modified":"2023-08-31T19:14:32","modified_gmt":"2023-08-31T19:14:32","slug":"mexico-tiene-una-deuda-enorme-con-familiares-de-desparecidos","status":"publish","type":"post","link":"https:\/\/lahora.mx\/index.php\/2023\/08\/31\/mexico-tiene-una-deuda-enorme-con-familiares-de-desparecidos\/","title":{"rendered":"M\u00e9xico tiene una deuda enorme con familiares de desparecidos"},"content":{"rendered":"\n<p>El abogado Julio Santos Lozano afirm\u00f3 que Puebla tiene un problema es el proceso de selecci\u00f3n de comisionado de b\u00fasqueda, \u201cporque el Estado tiene una deuda muy grande y un compromiso con todas las familias de los desparecidas, pero hay cierta inconformidad\u201d.<\/p>\n\n\n\n<p>En entrevista con Intolerancia Diario, el acad\u00e9mico del Instituto de Ciencias Jur\u00eddicas (ICI), expres\u00f3 que los colectivos de b\u00fasqueda no est\u00e1n conformes pues se\u00f1alan que es irregular, por eso se tiene que llevar a cabo un proceso limpio y claro en la designaci\u00f3n.<\/p>\n\n\n\n<p>En ese sentido, explic\u00f3 que los colectivos est\u00e1n post-calificados para entrar, porque son los que han buscado y deben darle prioridad en la selecci\u00f3n de comisionados, \u201cse admira a las personas que buscan esta designaci\u00f3n porque es la rifa del tigre\u201d.<\/p>\n\n\n\n<p>\u00abEn el proceso de designaci\u00f3n del comisionado, hay que escuchar a las voces m\u00e1s autorizadas, aunque en materia legal es decisi\u00f3n del poder ejecutivo llevar a cabo el nombramiento, los perfiles est\u00e1n seleccionados y al final decide el poder ejecutivo\u201d.<\/p>\n\n\n\n<p>Por otro lado, record\u00f3 que la Comisi\u00f3n ya tiene varios a\u00f1os de haberse creado, pero necesita reactivarse, porque hasta marzo hab\u00eda un aproximado de 300 desparecidos en Puebla y en el \u00faltimo sexenio, se tienen 9 mil personas desparecidas.<\/p>\n\n\n\n<p>\u00abAunque aparecieron la gran mayor\u00eda, pero hay todav\u00eda desparecidos unos mil 600 y a los que encontraron, lo hicieron en alguna circunstancia, pero s\u00ed hubo encuentro de personas y todo esto deriva de las estad\u00edsticas de las autoridades\u00bb.<\/p>\n\n\n\n<p>Santos Lozano record\u00f3 que la ley regulaba la desaparici\u00f3n voluntaria que hoy es forzosa por parte de elementos de las autoridades.<\/p>\n\n\n\n<p>\u00abLa conformaci\u00f3n de la Comisi\u00f3n de B\u00fasqueda es bastante complicada, pero los Colectivos son los encargados de levantar la voz y, adem\u00e1s, acuden con las autoridades, porque saben que siempre en alg\u00fan lado se encuentran enterrados algunos\u201d.<\/p>\n\n\n\n<p>El acad\u00e9mico del ICI tambi\u00e9n le dio su voto de confianza al proceso de selecci\u00f3n del comisionado de b\u00fasqueda, de lo que, ya estamos contra el tiempo para que empiece a trabajar y que lo haga con los colectivos.<\/p>\n\n\n\n<p>\u201cSe tiene que preparar el presupuesto para enfrentar la b\u00fasqueda correctamente, m\u00e1s all\u00e1 de todo esto, necesitamos un titular, por eso, dijo que, hay un perfil de un hombre que cubre con las expectativas para llegar al cargo\u00bb.<\/p>\n\n\n\n<p>La Comisi\u00f3n de B\u00fasqueda se encarga hacer la gesti\u00f3n ante la autoridad de gobierno para denunciar los hechos ya registrados como desapariciones y la finalidad es encontrar a las personas desparecidas que parece se ha vuelto una cosa imposible por el n\u00famero tan grande de desparecidos que existen.<\/p>\n\n\n\n<p>Finalmente, record\u00f3 la reforma constitucional del 2011 y la inclusi\u00f3n de los derechos humanos en las desapariciones, porque es un problema social que se achaca al crimen organizado, \u201cesto trajo repercusiones como el de Las Muertas de Ju\u00e1rez, porque mientras no aparezca el cuerpo o se d\u00e9 por muerto se declara como desparecida\u201d.<\/p>\n","protected":false},"excerpt":{"rendered":"<p>El abogado Julio Santos Lozano afirm\u00f3 que Puebla tiene un problema es el proceso de selecci\u00f3n de comisionado de b\u00fasqueda, \u201cporque el Estado tiene una deuda muy grande y un compromiso con todas las familias de los desparecidas, pero hay cierta inconformidad\u201d. En entrevista con Intolerancia Diario, el acad\u00e9mico del Instituto de Ciencias Jur\u00eddicas (ICI), [&hellip;]<\/p>\n","protected":false},"author":4,"featured_media":32485,"comment_status":"open","ping_status":"open","sticky":false,"template":"","format":"standard","meta":{"om_disable_all_campaigns":false,"_monsterinsights_skip_tracking":false,"_monsterinsights_sitenote_active":false,"_monsterinsights_sitenote_note":"","_monsterinsights_sitenote_category":0,"footnotes":""},"categories":[176],"tags":[],"class_list":["post-32484","post","type-post","status-publish","format-standard","has-post-thumbnail","hentry","category-nacional"],"amp_enabled":true,"_links":{"self":[{"href":"https:\/\/lahora.mx\/index.php\/wp-json\/wp\/v2\/posts\/32484","targetHints":{"allow":["GET"]}}],"collection":[{"href":"https:\/\/lahora.mx\/index.php\/wp-json\/wp\/v2\/posts"}],"about":[{"href":"https:\/\/lahora.mx\/index.php\/wp-json\/wp\/v2\/types\/post"}],"author":[{"embeddable":true,"href":"https:\/\/lahora.mx\/index.php\/wp-json\/wp\/v2\/users\/4"}],"replies":[{"embeddable":true,"href":"https:\/\/lahora.mx\/index.php\/wp-json\/wp\/v2\/comments?post=32484"}],"version-history":[{"count":1,"href":"https:\/\/lahora.mx\/index.php\/wp-json\/wp\/v2\/posts\/32484\/revisions"}],"predecessor-version":[{"id":32486,"href":"https:\/\/lahora.mx\/index.php\/wp-json\/wp\/v2\/posts\/32484\/revisions\/32486"}],"wp:featuredmedia":[{"embeddable":true,"href":"https:\/\/lahora.mx\/index.php\/wp-json\/wp\/v2\/media\/32485"}],"wp:attachment":[{"href":"https:\/\/lahora.mx\/index.php\/wp-json\/wp\/v2\/media?parent=32484"}],"wp:term":[{"taxonomy":"category","embeddable":true,"href":"https:\/\/lahora.mx\/index.php\/wp-json\/wp\/v2\/categories?post=32484"},{"taxonomy":"post_tag","embeddable":true,"href":"https:\/\/lahora.mx\/index.php\/wp-json\/wp\/v2\/tags?post=32484"}],"curies":[{"name":"wp","href":"https:\/\/api.w.org\/{rel}","templated":true}]}}