{"id":32481,"date":"2023-08-31T19:12:37","date_gmt":"2023-08-31T19:12:37","guid":{"rendered":"http:\/\/lahora.mx\/?p=32481"},"modified":"2023-08-31T19:12:37","modified_gmt":"2023-08-31T19:12:37","slug":"no-subira-el-precio-de-luz-en-lo-que-resta-de-su-sexenio-asi-lo-menciono-el-mandatario-lopez-obrador","status":"publish","type":"post","link":"https:\/\/lahora.mx\/index.php\/2023\/08\/31\/no-subira-el-precio-de-luz-en-lo-que-resta-de-su-sexenio-asi-lo-menciono-el-mandatario-lopez-obrador\/","title":{"rendered":"No subir\u00e1 el precio de luz en lo que resta de su sexenio as\u00ed lo menciono el mandatario L\u00f3pez Obrador"},"content":{"rendered":"\n<p>El presidente Andr\u00e9s Manuel L\u00f3pez Obrador inform\u00f3 que en lo que resta de su administraci\u00f3n, no aumentar\u00e1 el costo de las tarifas el\u00e9ctricas en el pa\u00eds.<\/p>\n\n\n\n<p>En conferencia de prensa matutina desde Palacio Nacional, de este jueves 31 de agosto, el mandatario federal destac\u00f3 que en la actualidad existen condiciones para mantener sin cambios el precio de la electricidad.<\/p>\n\n\n\n<p>\u00abSe van a mantener los precios sin aumentos como lo hemos ofrecido y hemos cumplido no aumentando los precios de la luz, ni van a aumentar mientras estemos en el gobierno, como no han aumentado los precios de las gasolinas y del di\u00e9sel\u00bb, afirm\u00f3.<\/p>\n\n\n\n<p>L\u00f3pez Obrador se pronuncia tras apagones en el pa\u00eds<br>Luego de que esta semana ciudades del norte del pa\u00eds sufrieran apagones, particularmente Baja California, Mexicali y Hermosillo, AMLO revel\u00f3 que la causa de los cortes se energ\u00eda se debi\u00f3 a un acto de vandalismo, adem\u00e1s de fallas en un transformador; sin embargo, \u00e9ste fue arreglado y el servicio de energ\u00eda restablecido.<\/p>\n\n\n\n<p>\u00abFueron dos apagones, uno por un acto de vandalismo que se corrigi\u00f3 en menos de 24 horas que afect\u00f3 a muy poquita gente, y otro una falla en un transformador que tambi\u00e9n se atendi\u00f3 pronto, no fue un asunto general nos dicen los t\u00e9cnicos, que se trat\u00f3 de una afectaci\u00f3n de 100, 200 casas y se resolvi\u00f3 muy pronto, que no hay ning\u00fan problema grave para que no se tenga el abasto de energ\u00eda el\u00e9ctrica\u00bb, se\u00f1al\u00f3. (MIG)<\/p>\n","protected":false},"excerpt":{"rendered":"<p>El presidente Andr\u00e9s Manuel L\u00f3pez Obrador inform\u00f3 que en lo que resta de su administraci\u00f3n, no aumentar\u00e1 el costo de las tarifas el\u00e9ctricas en el pa\u00eds. En conferencia de prensa matutina desde Palacio Nacional, de este jueves 31 de agosto, el mandatario federal destac\u00f3 que en la actualidad existen condiciones para mantener sin cambios el [&hellip;]<\/p>\n","protected":false},"author":4,"featured_media":32482,"comment_status":"open","ping_status":"open","sticky":false,"template":"","format":"standard","meta":{"om_disable_all_campaigns":false,"_monsterinsights_skip_tracking":false,"_monsterinsights_sitenote_active":false,"_monsterinsights_sitenote_note":"","_monsterinsights_sitenote_category":0,"footnotes":""},"categories":[176],"tags":[195],"class_list":["post-32481","post","type-post","status-publish","format-standard","has-post-thumbnail","hentry","category-nacional","tag-principal"],"amp_enabled":true,"_links":{"self":[{"href":"https:\/\/lahora.mx\/index.php\/wp-json\/wp\/v2\/posts\/32481","targetHints":{"allow":["GET"]}}],"collection":[{"href":"https:\/\/lahora.mx\/index.php\/wp-json\/wp\/v2\/posts"}],"about":[{"href":"https:\/\/lahora.mx\/index.php\/wp-json\/wp\/v2\/types\/post"}],"author":[{"embeddable":true,"href":"https:\/\/lahora.mx\/index.php\/wp-json\/wp\/v2\/users\/4"}],"replies":[{"embeddable":true,"href":"https:\/\/lahora.mx\/index.php\/wp-json\/wp\/v2\/comments?post=32481"}],"version-history":[{"count":1,"href":"https:\/\/lahora.mx\/index.php\/wp-json\/wp\/v2\/posts\/32481\/revisions"}],"predecessor-version":[{"id":32483,"href":"https:\/\/lahora.mx\/index.php\/wp-json\/wp\/v2\/posts\/32481\/revisions\/32483"}],"wp:featuredmedia":[{"embeddable":true,"href":"https:\/\/lahora.mx\/index.php\/wp-json\/wp\/v2\/media\/32482"}],"wp:attachment":[{"href":"https:\/\/lahora.mx\/index.php\/wp-json\/wp\/v2\/media?parent=32481"}],"wp:term":[{"taxonomy":"category","embeddable":true,"href":"https:\/\/lahora.mx\/index.php\/wp-json\/wp\/v2\/categories?post=32481"},{"taxonomy":"post_tag","embeddable":true,"href":"https:\/\/lahora.mx\/index.php\/wp-json\/wp\/v2\/tags?post=32481"}],"curies":[{"name":"wp","href":"https:\/\/api.w.org\/{rel}","templated":true}]}}