{"id":3247,"date":"2022-02-18T00:33:06","date_gmt":"2022-02-18T00:33:06","guid":{"rendered":"http:\/\/lahora.mx\/?p=3247"},"modified":"2022-02-18T00:33:08","modified_gmt":"2022-02-18T00:33:08","slug":"sube-indice-de-positividad-en-pruebas-covid-19-en-puebla","status":"publish","type":"post","link":"https:\/\/lahora.mx\/index.php\/2022\/02\/18\/sube-indice-de-positividad-en-pruebas-covid-19-en-puebla\/","title":{"rendered":"Sube \u00edndice de positividad en pruebas Covid-19 en Puebla"},"content":{"rendered":"\n<p>El&nbsp;<strong>\u00edndice de positividad&nbsp;<\/strong>en casos de&nbsp;<strong>coronavirus para Puebla&nbsp;<\/strong>se encuentra arriba del 50 por ciento esta \u00faltima semana, as\u00ed lo inform\u00f3 el<strong>&nbsp;titular de la Secretar\u00eda de Salud, Jos\u00e9 Antonio Mart\u00ednez Garc\u00eda,&nbsp;<\/strong>quien comparti\u00f3 que del 16 al 17 de febrero se registraron 655 casos nuevos de esta enfermedad.<\/p>\n\n\n\n<p>En la habitual conferencia matutina el secretario de salud comparti\u00f3 que el pasado 14 de febrero el \u00edndice de positividad se coloc\u00f3 en un 63 por ciento, para el 15 de febrero en un 64 por ciento y para el 16 en un 51 por ciento. Es decir, que el territorio poblano sigue arriba del 50 por ciento en positividad.<br><\/p>\n\n\n\n<p>En el&nbsp;<strong>registro de coronavirus para la entidad se registraron 237 mil 313&nbsp;<\/strong>muestras procesadas con un acumulado de casos positivos de 149 mil 234, teniendo 655 casos nuevos en comparaci\u00f3n con el 16 de febrero. Casos activos, as\u00ed como ambulatorios y hospitalizados fueron 2 mil 833 distribuidos en 58 municipios.<\/p>\n\n\n\n<p>En lo que respecta a la hospitalizaci\u00f3n en todo el sector suman 332 pacientes internados, 33 de ellos requieren ox\u00edgeno. En la red hospitalaria de los servicios de salud 131 hospitalizados, 14 con ventilaci\u00f3n; IMSS 92 hospitalizados, 4 con ventilaci\u00f3n mec\u00e1nica; ISSSTE 20 hospitalizados, no hay pacientes intubados; el ISSSTEP 57 hospitalizados, 12 con ventilaci\u00f3n; Hospital Universitario 4 hospitalizados, un paciente intubado; Hospital Militar 2 pacientes internados, no est\u00e1n intubados. Mientras que los hospitales privados 16 hospitalizados y 5 con ventilaci\u00f3n asistida.<\/p>\n\n\n\n<p>Hay un acumulado de 16 mil 781 muertes por esta enfermedad, teniendo siete fallecimientos en las \u00faltimas 24 horas.<br><\/p>\n\n\n\n<p>Este 17 de febrero fue el \u00faltimo d\u00eda de vacunaci\u00f3n en 47 municipios del estado, zona conurbada, as\u00ed como Tehuac\u00e1n y al corte del 16 de febrero se aplicaron 171 mil 263 vacunas.<\/p>\n\n\n\n<p>Todas las personas rezagadas fueron y ser\u00e1n bienvenidas en todas las jornadas activas de vacunaci\u00f3n y por ello, el secretario pidi\u00f3 a la ciudadan\u00eda, seguirse vacunando al considerarse como una oportunidad de vida.<\/p>\n","protected":false},"excerpt":{"rendered":"<p>El&nbsp;\u00edndice de positividad&nbsp;en casos de&nbsp;coronavirus para Puebla&nbsp;se encuentra arriba del 50 por ciento esta \u00faltima semana, as\u00ed lo inform\u00f3 el&nbsp;titular de la Secretar\u00eda de Salud, Jos\u00e9 Antonio Mart\u00ednez Garc\u00eda,&nbsp;quien comparti\u00f3 que del 16 al 17 de febrero se registraron 655 casos nuevos de esta enfermedad. En la habitual conferencia matutina el secretario de salud comparti\u00f3 [&hellip;]<\/p>\n","protected":false},"author":4,"featured_media":3248,"comment_status":"open","ping_status":"open","sticky":false,"template":"","format":"standard","meta":{"om_disable_all_campaigns":false,"_monsterinsights_skip_tracking":false,"_monsterinsights_sitenote_active":false,"_monsterinsights_sitenote_note":"","_monsterinsights_sitenote_category":0,"footnotes":""},"categories":[175],"tags":[195],"class_list":["post-3247","post","type-post","status-publish","format-standard","has-post-thumbnail","hentry","category-local","tag-principal"],"amp_enabled":true,"_links":{"self":[{"href":"https:\/\/lahora.mx\/index.php\/wp-json\/wp\/v2\/posts\/3247","targetHints":{"allow":["GET"]}}],"collection":[{"href":"https:\/\/lahora.mx\/index.php\/wp-json\/wp\/v2\/posts"}],"about":[{"href":"https:\/\/lahora.mx\/index.php\/wp-json\/wp\/v2\/types\/post"}],"author":[{"embeddable":true,"href":"https:\/\/lahora.mx\/index.php\/wp-json\/wp\/v2\/users\/4"}],"replies":[{"embeddable":true,"href":"https:\/\/lahora.mx\/index.php\/wp-json\/wp\/v2\/comments?post=3247"}],"version-history":[{"count":1,"href":"https:\/\/lahora.mx\/index.php\/wp-json\/wp\/v2\/posts\/3247\/revisions"}],"predecessor-version":[{"id":3249,"href":"https:\/\/lahora.mx\/index.php\/wp-json\/wp\/v2\/posts\/3247\/revisions\/3249"}],"wp:featuredmedia":[{"embeddable":true,"href":"https:\/\/lahora.mx\/index.php\/wp-json\/wp\/v2\/media\/3248"}],"wp:attachment":[{"href":"https:\/\/lahora.mx\/index.php\/wp-json\/wp\/v2\/media?parent=3247"}],"wp:term":[{"taxonomy":"category","embeddable":true,"href":"https:\/\/lahora.mx\/index.php\/wp-json\/wp\/v2\/categories?post=3247"},{"taxonomy":"post_tag","embeddable":true,"href":"https:\/\/lahora.mx\/index.php\/wp-json\/wp\/v2\/tags?post=3247"}],"curies":[{"name":"wp","href":"https:\/\/api.w.org\/{rel}","templated":true}]}}