{"id":32465,"date":"2023-08-31T18:59:13","date_gmt":"2023-08-31T18:59:13","guid":{"rendered":"http:\/\/lahora.mx\/?p=32465"},"modified":"2023-08-31T18:59:13","modified_gmt":"2023-08-31T18:59:13","slug":"mario-delgado-reconocio-las-dificultades-presentadas-en-encuestas-de-morena","status":"publish","type":"post","link":"https:\/\/lahora.mx\/index.php\/2023\/08\/31\/mario-delgado-reconocio-las-dificultades-presentadas-en-encuestas-de-morena\/","title":{"rendered":"Mario Delgado reconoci\u00f3 las dificultades presentadas en encuestas de Morena"},"content":{"rendered":"\n<p>El dirigente nacional de Morena, Mario Delgado, reconoci\u00f3 que, durante la primera jornada del levantamiento de encuestas para definir al candidato a la presidencia por su partido, se presentaron dificultades, entre las que destacan confusiones a la hora de trasladar las papeletas, as\u00ed como el desconocimiento de los centros de votaci\u00f3n.<\/p>\n\n\n\n<p>A trav\u00e9s de un video publicado en redes sociales, Mario Delgado se\u00f1al\u00f3 que la aplicaci\u00f3n de encuestas ha representado un reto log\u00edstico y reconoci\u00f3 las acusaciones de Mal\u00fa Micher y Martha Delgado, quienes fungen como representantes de Marcelo Ebrard, sobre problem\u00e1ticas y deficiencias del proceso, sin embargo, destac\u00f3 que el ejercicio sali\u00f3 sin mas contratiempos.<\/p>\n\n\n\n<p>\u201cNo hemos estado exentos de algunas dificultades, complicaciones, confusiones en los traslados, en los puntos de encuentro, pero con la buena voluntad de los equipos de todos los participantes, hemos sacado adelante la jornada del d\u00eda de hoy\u00bb, afirm\u00f3.<br>De igual manera, el l\u00edder de Morena inform\u00f3 que, en la primera jornada del levantamiento de encuestas participaron cuatro casas encuestadoras, personal del partido y m\u00e1s de mil 500 representantes de los aspirantes.<\/p>\n\n\n\n<p>\u201cHa sido un reto log\u00edstico extraordinario, han participado cuatro casas encuestadoras, la Comisi\u00f3n de Encuestas de Morena y m\u00e1s de mil 500 representantes de los aspirantes, que han acompa\u00f1ado en todo momento este proceso\u201d, expus\u00f3.<\/p>\n\n\n\n<p>Mario Delgado llama a respetar el veto a los aspirantes<br>El pasado 30 de agosto, Marcelo Ebrard rompi\u00f3 el veto interpuesto durante el proceso interno de Morena para externar su preocupaci\u00f3n ante un \u201cgran desorden\u201d en la primera jornada del levantamiento de encuestas.<br>\u201cMuy preocupado por el gran desorden en el levantamiento de la encuesta esta ma\u00f1ana. Todo mi respaldo a Mal\u00fa Micher y a Martha Delgado quienes est\u00e1n (desde ayer y toda la noche) tratando de ayudar al \u00e9xito del proceso y a resolver los severos problemas que han ocurrido. Les mantendremos informados\u201d escribi\u00f3 Ebrard en su cuenta de X.<\/p>\n\n\n\n<p>Por lo anterior, Mario Delgado, sin mencionar al excanciller, llam\u00f3 a los aspirantes a respetar el veto.<\/p>\n\n\n\n<p>\u201cQuiero reiterar que el compromiso de nuestro partido es que se respete la voluntad del pueblo. Que nada ni nadie intervenga en una decisi\u00f3n que solo le corresponde a la gente. Por eso quiero invitarte militante, simpatizante de la 4T, a que nos sigas ayudando; a que se respete la veda\u201d, mencion\u00f3.<\/p>\n\n\n\n<p>Asimismo, el dirigente del partido guinda invit\u00f3 a detener las llamadas telef\u00f3nicas que algunas personas est\u00e1n recibiendo para pedir el voto a favor de Ebrard, pues se\u00f1al\u00f3 que eso ya no se vale.<\/p>\n\n\n\n<p>\u201cYa no se vale nada de llamadas, de distribuci\u00f3n de volantes o cualquier otro tipo de activismo pol\u00edtico, porque eso ser\u00eda una interferencia y ser\u00eda, sobre todo, tratar de alterar la voluntad del pueblo\u201d, apunt\u00f3 Mario Delgado.<\/p>\n\n\n\n<p>Morena califica de simulaci\u00f3n el proceso del Frente Amplio<br>Igualmente, el dirigente nacional de Morena insisti\u00f3 en que el proceso interno del Frente Amplio por M\u00e9xico se trat\u00f3 de una simulaci\u00f3n, tal y como lo advirti\u00f3 desde un inicio el presidente Andr\u00e9s Manuel L\u00f3pez Obrador.<\/p>\n\n\n\n<p>\u201cHoy, la oposici\u00f3n termin\u00f3 por exhibir la simulaci\u00f3n de su proceso: somos testigos del sometimiento absoluto del PRIAN y el PRD a la voluntad de la oligarqu\u00eda econ\u00f3mica. Y tal como lo advirti\u00f3 nuestro presidente Andr\u00e9s Manuel L\u00f3pez Obrador desde el pasado 3 de julio, la candidata del \u2018Frente Amplio por la corrupci\u00f3n\u2019 vendr\u00eda del dedazo de los poderosos\u201d, asever\u00f3 Mario Delgado. (MIG)<\/p>\n","protected":false},"excerpt":{"rendered":"<p>El dirigente nacional de Morena, Mario Delgado, reconoci\u00f3 que, durante la primera jornada del levantamiento de encuestas para definir al candidato a la presidencia por su partido, se presentaron dificultades, entre las que destacan confusiones a la hora de trasladar las papeletas, as\u00ed como el desconocimiento de los centros de votaci\u00f3n. A trav\u00e9s de un [&hellip;]<\/p>\n","protected":false},"author":4,"featured_media":32466,"comment_status":"open","ping_status":"open","sticky":false,"template":"","format":"standard","meta":{"om_disable_all_campaigns":false,"_monsterinsights_skip_tracking":false,"_monsterinsights_sitenote_active":false,"_monsterinsights_sitenote_note":"","_monsterinsights_sitenote_category":0,"footnotes":""},"categories":[176,5],"tags":[128],"class_list":["post-32465","post","type-post","status-publish","format-standard","has-post-thumbnail","hentry","category-nacional","category-politica","tag-politics"],"amp_enabled":true,"_links":{"self":[{"href":"https:\/\/lahora.mx\/index.php\/wp-json\/wp\/v2\/posts\/32465","targetHints":{"allow":["GET"]}}],"collection":[{"href":"https:\/\/lahora.mx\/index.php\/wp-json\/wp\/v2\/posts"}],"about":[{"href":"https:\/\/lahora.mx\/index.php\/wp-json\/wp\/v2\/types\/post"}],"author":[{"embeddable":true,"href":"https:\/\/lahora.mx\/index.php\/wp-json\/wp\/v2\/users\/4"}],"replies":[{"embeddable":true,"href":"https:\/\/lahora.mx\/index.php\/wp-json\/wp\/v2\/comments?post=32465"}],"version-history":[{"count":1,"href":"https:\/\/lahora.mx\/index.php\/wp-json\/wp\/v2\/posts\/32465\/revisions"}],"predecessor-version":[{"id":32467,"href":"https:\/\/lahora.mx\/index.php\/wp-json\/wp\/v2\/posts\/32465\/revisions\/32467"}],"wp:featuredmedia":[{"embeddable":true,"href":"https:\/\/lahora.mx\/index.php\/wp-json\/wp\/v2\/media\/32466"}],"wp:attachment":[{"href":"https:\/\/lahora.mx\/index.php\/wp-json\/wp\/v2\/media?parent=32465"}],"wp:term":[{"taxonomy":"category","embeddable":true,"href":"https:\/\/lahora.mx\/index.php\/wp-json\/wp\/v2\/categories?post=32465"},{"taxonomy":"post_tag","embeddable":true,"href":"https:\/\/lahora.mx\/index.php\/wp-json\/wp\/v2\/tags?post=32465"}],"curies":[{"name":"wp","href":"https:\/\/api.w.org\/{rel}","templated":true}]}}